{"id":2286,"date":"2013-01-29T23:21:11","date_gmt":"2013-01-30T01:21:11","guid":{"rendered":"http:\/\/www.maisbn.com\/portal\/?p=2286"},"modified":"2013-01-29T23:21:47","modified_gmt":"2013-01-30T01:21:47","slug":"jornal-tabu-de-canavieiras-erra-em-publicacao-e-processado-por-dano-moral","status":"publish","type":"post","link":"https:\/\/www.maisbn.com\/portal\/2013\/01\/jornal-tabu-de-canavieiras-erra-em-publicacao-e-processado-por-dano-moral\/","title":{"rendered":"Jornal Tabu de Canavieiras erra em publica\u00e7\u00e3o e \u00e9 processado por Dano Moral."},"content":{"rendered":"<p><a href=\"http:\/\/www.maisbn.com\/portal\/wp-content\/uploads\/2013\/01\/danos_morais.jpg\"><img loading=\"lazy\" decoding=\"async\" class=\"size-full wp-image-2287 alignleft\" alt=\"danos_morais\" src=\"http:\/\/www.maisbn.com\/portal\/wp-content\/uploads\/2013\/01\/danos_morais.jpg\" width=\"336\" height=\"150\" \/><\/a>O jornal mais popular e tradicional da cidade de Canavieiras deve responder a processo por Dano Moral pela veicula\u00e7\u00e3o da mat\u00e9ria, \u201cBando Aterroriza Una e fica preso em Canavieiras\u201d, publicado em sua p\u00e1gina na internet, no dia 13\/01. As informa\u00e7\u00f5es s\u00e3o normais de uma ocorr\u00eancia policial, contendo os nomes dos presos e os crimes que cometeram, por\u00e9m, na foto contida na mat\u00e9ria traz as imagens de jovens de boa \u00edndole e conhecidos em nossa cidade. Veja a mat\u00e9ria:<\/p>\n<p>&nbsp;<\/p>\n<blockquote><p>&#8211; \u201cEst\u00e3o custodiados na cadeia de Canavieiras, desde a manh\u00e3 desta sexta-feira, 13, Diego Alves Dias, 19 anos, Wilson Serra Quinto, 26 anos, Gelves Santos Costa, 18anos, F\u00e1bio Mota Barbosa, o F\u00e1, 18 anos, Luiz Gomes Sales, 19 anos, e Ivo Santos Almeida, o Piloto, 49 anos.<\/p>\n<p>Eles foram presos por uma guarni\u00e7\u00e3o do Pelot\u00e3o da PM em Una, por andarem aterrorizando em bairros da cidade e zona rural, cometendo il\u00edcitos penais como tr\u00e1fico de drogas, amea\u00e7as, roubos e homic\u00eddios. Com o grupo, que era liderado por F\u00e1, foi apreendido o menor M. G. S., 17 anos.<\/p>\n<p>O elemento chamado Diego confessou ter matado Valter Oliveira dos Santos, o Utinho, h\u00e1 15 dias, e tamb\u00e9m Walack Dantas Nascimento, na \u00faltima quarta-feira, dia 11.<\/p>\n<p>Os policiais militares apreenderam com o grupo 3 rev\u00f3lveres, 2 espingardas e cerca de l km de maconha prensada, muni\u00e7\u00f5es de diversos calibres e um ve\u00edculo Fiat, modelo Strada, cor prata, NTH-1716, de Una, de propriedade de Ivo Almeida, o Piloto.\u201d-<\/p><\/blockquote>\n<p>Na foto, da esquerda pra direita est\u00e3o: <strong>Alexandro da Silva Carvalho <\/strong>professor de Capoeira da ACAZ; <strong>Lucas Pereira Santos, <\/strong>Mestre-presidente da Associa\u00e7\u00e3o de Capoeira ACAZ, que h\u00e1 20 anos vem prestando relevante servi\u00e7o social em Canavieiras, Belmonte, Uru\u00e7uca e Arataca; <strong>Cesar Badar\u00f3<\/strong>, Mestre de Capoeira em Belmonte (movendo a\u00e7\u00e3o por Dano Moral em sua cidade); <strong>Isac Santos<\/strong>, Professor de Capoeira, hoje reside em Salvador; <strong>Jailson Nascimento<\/strong> Mestre de Capoeira da ACAZ e em outra foto est\u00e1 <strong>Daniel de Oliveira Canedo<\/strong>, Mestre superior da ACAZ (Associa\u00e7\u00e3o de Capoeira Adeptos de Zumbi).<\/p>\n<p>O advogado, Dr. Luiz Phelipe, moveu a a\u00e7\u00e3o na justi\u00e7a comum, alegando Dano Moral, uma vez que o fato pode trazer grandes transtornos \u00e0 vida de cada um dos rapazes.<\/p>\n<p>\u201cEu estava em casa, quando meu irm\u00e3o, que mora no Rio de Janeiro me ligou dizendo que tinha lido a mat\u00e9ria. Isso gerou muita confus\u00e3o entre meus familiares.\u201d Diz Mestre Lucas, que ainda est\u00e1 muito revoltado com o ocorrido.<\/p>\n<address>Fonte: Canavieirasnews<\/address>\n","protected":false},"excerpt":{"rendered":"<p>O jornal mais popular e tradicional da cidade de Canavieiras deve responder a processo por Dano Moral pela veicula\u00e7\u00e3o da mat\u00e9ria, \u201cBando Aterroriza Una e fica preso em Canavieiras\u201d, publicado em sua p\u00e1gina na internet, no dia 13\/01. As informa\u00e7\u00f5es s\u00e3o normais de uma ocorr\u00eancia policial, contendo os nomes dos presos e os crimes que [&hellip;]<\/p>\n","protected":false},"author":1,"featured_media":0,"comment_status":"closed","ping_status":"open","sticky":false,"template":"","format":"standard","meta":{"footnotes":""},"categories":[99,1],"tags":[338],"class_list":["post-2286","post","type-post","status-publish","format-standard","hentry","category-justica","category-noticias","tag-canavieiras-bahia"],"_links":{"self":[{"href":"https:\/\/www.maisbn.com\/portal\/wp-json\/wp\/v2\/posts\/2286","targetHints":{"allow":["GET"]}}],"collection":[{"href":"https:\/\/www.maisbn.com\/portal\/wp-json\/wp\/v2\/posts"}],"about":[{"href":"https:\/\/www.maisbn.com\/portal\/wp-json\/wp\/v2\/types\/post"}],"author":[{"embeddable":true,"href":"https:\/\/www.maisbn.com\/portal\/wp-json\/wp\/v2\/users\/1"}],"replies":[{"embeddable":true,"href":"https:\/\/www.maisbn.com\/portal\/wp-json\/wp\/v2\/comments?post=2286"}],"version-history":[{"count":0,"href":"https:\/\/www.maisbn.com\/portal\/wp-json\/wp\/v2\/posts\/2286\/revisions"}],"wp:attachment":[{"href":"https:\/\/www.maisbn.com\/portal\/wp-json\/wp\/v2\/media?parent=2286"}],"wp:term":[{"taxonomy":"category","embeddable":true,"href":"https:\/\/www.maisbn.com\/portal\/wp-json\/wp\/v2\/categories?post=2286"},{"taxonomy":"post_tag","embeddable":true,"href":"https:\/\/www.maisbn.com\/portal\/wp-json\/wp\/v2\/tags?post=2286"}],"curies":[{"name":"wp","href":"https:\/\/api.w.org\/{rel}","templated":true}]}}