{"id":22850,"date":"2019-07-19T22:32:14","date_gmt":"2019-07-20T01:32:14","guid":{"rendered":"http:\/\/www.maisbn.com\/portal\/?p=22850"},"modified":"2019-07-19T22:32:14","modified_gmt":"2019-07-20T01:32:14","slug":"tj-ba-nega-pedido-e-embasa-continuara-cobrando-valor-de-contas-baseado-no-consumo","status":"publish","type":"post","link":"https:\/\/www.maisbn.com\/portal\/2019\/07\/tj-ba-nega-pedido-e-embasa-continuara-cobrando-valor-de-contas-baseado-no-consumo\/","title":{"rendered":"TJ-BA nega pedido e Embasa continuar\u00e1 cobrando valor de contas baseado no consumo."},"content":{"rendered":"<p><a href=\"http:\/\/www.maisbn.com\/portal\/wp-content\/uploads\/2018\/03\/embasaconta.jpg\"><img loading=\"lazy\" decoding=\"async\" class=\"aligncenter  wp-image-18038\" src=\"http:\/\/www.maisbn.com\/portal\/wp-content\/uploads\/2018\/03\/embasaconta.jpg\" alt=\"embasaconta\" width=\"601\" height=\"386\" \/><\/a><\/p>\n<p>O Tribunal de Justi\u00e7a do Estado da Bahia (TJ-BA) negou um pedido de suspens\u00e3o de liminar apresentado pela Embasa referente ao desabastecimento de \u00e1gua em Salvador, Regi\u00e3o Metropolitana e alguns locais do interior. Desde mar\u00e7o de 2018, a partir de uma a\u00e7\u00e3o civil p\u00fablica movida pelo Minist\u00e9rio P\u00fablico da Bahia (MP-BA), a empresa \u00e9 obrigada a cobrar o valor das contas de \u00e1gua baseado\u00a0apenas no que \u00e9 consumido. Al\u00e9m disso, tem que fornecer \u00e1gua em carros-pipas caso falte \u00e1gua por mais de 24h nas localidades atingidas pelo desabastecimento.<\/p>\n<p>O recurso movido pela Embasa alegava que a decis\u00e3o poderia causar preju\u00edzos e comprometer o servi\u00e7o de abastecimento. No entanto, o relator do caso e presidente do TJ-BA, Gesivaldo Brito, entendeu que &#8220;<em><strong>a pretens\u00e3o\u00a0da Requerente (Embasa) diz respeito ao seu interesse exclusivamente patrimonial&#8221;<\/strong> <\/em>, e que <strong><em>&#8220;a tutela de urg\u00eancia concedida na origem encontra-se devidamente fundamentada na prote\u00e7\u00e3o ao interesse p\u00fablico&#8221;.\u00a0<\/em><\/strong>De acordo com a autora da a\u00e7\u00e3o civil, a promotora de Justi\u00e7a Ana Paula Limoeiro, uma tarifa m\u00ednima era cobrada mesmo quando n\u00e3o havia presta\u00e7\u00e3o do servi\u00e7o e a press\u00e3o da \u00e1gua n\u00e3o estava dentro dos valores estabelecidos pela Ag\u00eancia Reguladora de Saneamento B\u00e1sico do Estado da Bahia.<\/p>\n<p>O pedido de suspens\u00e3o de liminar \u00e9 v\u00e1lido em caso de manifesto interesse p\u00fablico ou deflagrante ilegitimidade e para salvaguardar a ordem, a sa\u00fade, a seguran\u00e7a e a economia p\u00fablicas. De acordo com a decis\u00e3o, a &#8220;<strong><em>Requerente n\u00e3o demonstrou a presen\u00e7a dos requisitos necess\u00e1rios ao deferimento do pedido de suspens\u00e3o liminar&#8221;.\u00a0<\/em><\/strong><\/p>\n","protected":false},"excerpt":{"rendered":"<p>O Tribunal de Justi\u00e7a do Estado da Bahia (TJ-BA) negou um pedido de suspens\u00e3o de liminar apresentado pela Embasa referente ao desabastecimento de \u00e1gua em Salvador, Regi\u00e3o Metropolitana e alguns locais do interior. Desde mar\u00e7o de 2018, a partir de uma a\u00e7\u00e3o civil p\u00fablica movida pelo Minist\u00e9rio P\u00fablico da Bahia (MP-BA), a empresa \u00e9 obrigada [&hellip;]<\/p>\n","protected":false},"author":7,"featured_media":18038,"comment_status":"open","ping_status":"open","sticky":false,"template":"","format":"standard","meta":{"footnotes":""},"categories":[20,1],"tags":[],"class_list":["post-22850","post","type-post","status-publish","format-standard","has-post-thumbnail","hentry","category-bahia","category-noticias"],"_links":{"self":[{"href":"https:\/\/www.maisbn.com\/portal\/wp-json\/wp\/v2\/posts\/22850","targetHints":{"allow":["GET"]}}],"collection":[{"href":"https:\/\/www.maisbn.com\/portal\/wp-json\/wp\/v2\/posts"}],"about":[{"href":"https:\/\/www.maisbn.com\/portal\/wp-json\/wp\/v2\/types\/post"}],"author":[{"embeddable":true,"href":"https:\/\/www.maisbn.com\/portal\/wp-json\/wp\/v2\/users\/7"}],"replies":[{"embeddable":true,"href":"https:\/\/www.maisbn.com\/portal\/wp-json\/wp\/v2\/comments?post=22850"}],"version-history":[{"count":1,"href":"https:\/\/www.maisbn.com\/portal\/wp-json\/wp\/v2\/posts\/22850\/revisions"}],"predecessor-version":[{"id":22851,"href":"https:\/\/www.maisbn.com\/portal\/wp-json\/wp\/v2\/posts\/22850\/revisions\/22851"}],"wp:featuredmedia":[{"embeddable":true,"href":"https:\/\/www.maisbn.com\/portal\/wp-json\/wp\/v2\/media\/18038"}],"wp:attachment":[{"href":"https:\/\/www.maisbn.com\/portal\/wp-json\/wp\/v2\/media?parent=22850"}],"wp:term":[{"taxonomy":"category","embeddable":true,"href":"https:\/\/www.maisbn.com\/portal\/wp-json\/wp\/v2\/categories?post=22850"},{"taxonomy":"post_tag","embeddable":true,"href":"https:\/\/www.maisbn.com\/portal\/wp-json\/wp\/v2\/tags?post=22850"}],"curies":[{"name":"wp","href":"https:\/\/api.w.org\/{rel}","templated":true}]}}