{"id":22841,"date":"2019-07-19T18:54:34","date_gmt":"2019-07-19T21:54:34","guid":{"rendered":"http:\/\/www.maisbn.com\/portal\/?p=22841"},"modified":"2019-07-19T18:54:34","modified_gmt":"2019-07-19T21:54:34","slug":"acao-da-pm-prende-homem-acusado-de-furtar-mala-de-bagageiro-de-onibus-na-rodoviaria-de-porto-seguro","status":"publish","type":"post","link":"https:\/\/www.maisbn.com\/portal\/2019\/07\/acao-da-pm-prende-homem-acusado-de-furtar-mala-de-bagageiro-de-onibus-na-rodoviaria-de-porto-seguro\/","title":{"rendered":"A\u00e7\u00e3o da PM prende homem acusado de furtar mala de bagageiro de \u00f4nibus na Rodovi\u00e1ria de Porto Seguro."},"content":{"rendered":"<p><a href=\"http:\/\/www.maisbn.com\/portal\/wp-content\/uploads\/2019\/07\/furtodebagagens.jpeg\"><img loading=\"lazy\" decoding=\"async\" class=\"wp-image-22842 alignleft\" src=\"http:\/\/www.maisbn.com\/portal\/wp-content\/uploads\/2019\/07\/furtodebagagens-576x900.jpeg\" alt=\"furtodebagagens\" width=\"303\" height=\"474\" srcset=\"https:\/\/www.maisbn.com\/portal\/wp-content\/uploads\/2019\/07\/furtodebagagens-576x900.jpeg 576w, https:\/\/www.maisbn.com\/portal\/wp-content\/uploads\/2019\/07\/furtodebagagens.jpeg 618w\" sizes=\"auto, (max-width: 303px) 100vw, 303px\" \/><\/a><\/p>\n<p>A Pol\u00edcia Militar prendeu um homem acusado de furtar uma mala do bagageiro de um \u00f4nibus na Rodovi\u00e1ria de Porto Seguro no in\u00edcio da tarde dessa sexta-feira (19\/07). Em filmagens obtidas por c\u00e2meras de seguran\u00e7a, o indiv\u00edduo identificado pelo nome de Ivan Ramos Silva (34 anos), aparece observando um \u00f4nibus parado na plataforma de embarque esperando os passageiros com o bagageiro aberto. O mesmo se aproxima do ve\u00edculo e rapidamente tira uma mala e sai disfar\u00e7adamente sem ningu\u00e9m notar.<\/p>\n<p>O fato foi descoberto minutos depois e a empresa acionou a Pol\u00edcia Militar que interceptou o acusado na Rua Pero Vaz de Caminha, Centro da cidade. Ivan ainda tentou fugir mais foi cercado pelos policiais e capturado em posse da bagagem que continha algumas roupas. O acusado j\u00e1 tinha vendido alguns itens da mala e em abordagem pessoal a guarni\u00e7\u00e3o encontrou com o mesmo a quantia de R$ 100,00. Ivan, que \u00e9 natural de Vit\u00f3ria da Conquista, recebeu voz de pris\u00e3o em flagrante por furto e teve todo o material encontrado apreendido pelos policiais.<\/p>\n<p>*ASCOM.8\u00b0BPM-PORTO SEGURO*<\/p>\n<p><iframe loading=\"lazy\" src=\"https:\/\/www.youtube.com\/embed\/fig959byImY\" width=\"560\" height=\"315\" frameborder=\"0\" allowfullscreen=\"allowfullscreen\"><\/iframe><\/p>\n","protected":false},"excerpt":{"rendered":"<p>A Pol\u00edcia Militar prendeu um homem acusado de furtar uma mala do bagageiro de um \u00f4nibus na Rodovi\u00e1ria de Porto Seguro no in\u00edcio da tarde dessa sexta-feira (19\/07). Em filmagens obtidas por c\u00e2meras de seguran\u00e7a, o indiv\u00edduo identificado pelo nome de Ivan Ramos Silva (34 anos), aparece observando um \u00f4nibus parado na plataforma de embarque [&hellip;]<\/p>\n","protected":false},"author":7,"featured_media":22843,"comment_status":"open","ping_status":"open","sticky":false,"template":"","format":"standard","meta":{"footnotes":""},"categories":[1,16],"tags":[],"class_list":["post-22841","post","type-post","status-publish","format-standard","has-post-thumbnail","hentry","category-noticias","category-policial"],"_links":{"self":[{"href":"https:\/\/www.maisbn.com\/portal\/wp-json\/wp\/v2\/posts\/22841","targetHints":{"allow":["GET"]}}],"collection":[{"href":"https:\/\/www.maisbn.com\/portal\/wp-json\/wp\/v2\/posts"}],"about":[{"href":"https:\/\/www.maisbn.com\/portal\/wp-json\/wp\/v2\/types\/post"}],"author":[{"embeddable":true,"href":"https:\/\/www.maisbn.com\/portal\/wp-json\/wp\/v2\/users\/7"}],"replies":[{"embeddable":true,"href":"https:\/\/www.maisbn.com\/portal\/wp-json\/wp\/v2\/comments?post=22841"}],"version-history":[{"count":1,"href":"https:\/\/www.maisbn.com\/portal\/wp-json\/wp\/v2\/posts\/22841\/revisions"}],"predecessor-version":[{"id":22844,"href":"https:\/\/www.maisbn.com\/portal\/wp-json\/wp\/v2\/posts\/22841\/revisions\/22844"}],"wp:featuredmedia":[{"embeddable":true,"href":"https:\/\/www.maisbn.com\/portal\/wp-json\/wp\/v2\/media\/22843"}],"wp:attachment":[{"href":"https:\/\/www.maisbn.com\/portal\/wp-json\/wp\/v2\/media?parent=22841"}],"wp:term":[{"taxonomy":"category","embeddable":true,"href":"https:\/\/www.maisbn.com\/portal\/wp-json\/wp\/v2\/categories?post=22841"},{"taxonomy":"post_tag","embeddable":true,"href":"https:\/\/www.maisbn.com\/portal\/wp-json\/wp\/v2\/tags?post=22841"}],"curies":[{"name":"wp","href":"https:\/\/api.w.org\/{rel}","templated":true}]}}