{"id":22830,"date":"2019-07-19T10:30:22","date_gmt":"2019-07-19T13:30:22","guid":{"rendered":"http:\/\/www.maisbn.com\/portal\/?p=22830"},"modified":"2019-07-19T10:30:22","modified_gmt":"2019-07-19T13:30:22","slug":"policiamento-reforcado-garante-a-tranquilidade-durante-a-festa-do-carmo-em-belmonte","status":"publish","type":"post","link":"https:\/\/www.maisbn.com\/portal\/2019\/07\/policiamento-reforcado-garante-a-tranquilidade-durante-a-festa-do-carmo-em-belmonte\/","title":{"rendered":"Policiamento refor\u00e7ado garante a tranquilidade durante a Festa do Carmo em Belmonte."},"content":{"rendered":"<p>Uma parceria entre a Pol\u00edcia Militar e a Prefeitura Municipal de Belmonte resultou em uma Festa do Carmo sem nenhuma ocorr\u00eancia violenta durante as comemora\u00e7\u00f5es em homenagem \u00e0 Padroeira da cidade de Belmonte. O policiamento ostensivo recebeu um importante refor\u00e7o que cobriu toda a festa e coibiu a a\u00e7\u00e3o de criminosos durante todo o evento.\u00a0Ainda fizeram parte das a\u00e7\u00f5es ostensivas blitz em v\u00e1rios pontos da cidade, rondas intensificadas em regi\u00f5es de pontos comerciais e abordagens a suspeitos em todos os bairros da sede do munic\u00edpio. A Prefeitura Municipal de Belmonte garantiu a alimenta\u00e7\u00e3o do refor\u00e7o e a infraestrutura necess\u00e1ria para o servi\u00e7o. Tamb\u00e9m participaram do policiamento viaturas da CIPPA, CETO e CIPE-MATA ATL\u00c2NTICA (CAEMA).<\/p>\n<p><a href=\"http:\/\/www.maisbn.com\/portal\/wp-content\/uploads\/2019\/07\/WhatsApp-Image-2019-07-15-at-03.jpg\"><img loading=\"lazy\" decoding=\"async\" class=\"aligncenter  wp-image-22833\" src=\"http:\/\/www.maisbn.com\/portal\/wp-content\/uploads\/2019\/07\/WhatsApp-Image-2019-07-15-at-03-1000x750.jpg\" alt=\"WhatsApp Image 2019-07-15 at 03\" width=\"600\" height=\"450\" srcset=\"https:\/\/www.maisbn.com\/portal\/wp-content\/uploads\/2019\/07\/WhatsApp-Image-2019-07-15-at-03-1000x750.jpg 1000w, https:\/\/www.maisbn.com\/portal\/wp-content\/uploads\/2019\/07\/WhatsApp-Image-2019-07-15-at-03.jpg 1280w\" sizes=\"auto, (max-width: 600px) 100vw, 600px\" \/><\/a><\/p>\n<p>O Prefeito Janival Borges agradeceu ao comandante do 8\u00ba BPM, Tenente-coronel Anacleto Fran\u00e7a, pela parceria com o munic\u00edpio e ressaltou o trabalho realizado pelo Capit\u00e3o Neri, comandante do policiamento em Belmonte. <strong><em>&#8220;Gra\u00e7as ao excelente trabalho da Pol\u00edcia Militar tivemos uma festa tranquila e sem acontecimentos violentos. Agrade\u00e7o a todos os policiais militares empregados pela dedica\u00e7\u00e3o ao servi\u00e7o. Tamb\u00e9m deixo aqui os agradecimentos do munic\u00edpio ao Tenente-coronel Fran\u00e7a e ao Capit\u00e3o Neri, verdadeiros parceiros na seguran\u00e7a da nossa cidade.&#8221;<\/em> <\/strong>&#8211; Finalizou o gestor.<\/p>\n<p><a href=\"http:\/\/www.maisbn.com\/portal\/wp-content\/uploads\/2019\/07\/policiamentofestadocarmo.jpg\"><img loading=\"lazy\" decoding=\"async\" class=\"aligncenter  wp-image-22832\" src=\"http:\/\/www.maisbn.com\/portal\/wp-content\/uploads\/2019\/07\/policiamentofestadocarmo.jpg\" alt=\"policiamentofestadocarmo\" width=\"601\" height=\"386\" \/><\/a><\/p>\n<p>A Pol\u00edcia Militar em Belmonte ainda informou que o policiamento ostensivo segue refor\u00e7ado e cobrir\u00e1 o per\u00edodo do FESTIVALE, que se iniciar\u00e1 no dia 21\/07 e se estender\u00e1 at\u00e9 o pr\u00f3ximo dia 27\/07, com p\u00fablico estimado de 10.000 pessoas vindas de v\u00e1rias regi\u00f5es do Brasil.<\/p>\n<p>&nbsp;<\/p>\n","protected":false},"excerpt":{"rendered":"<p>Uma parceria entre a Pol\u00edcia Militar e a Prefeitura Municipal de Belmonte resultou em uma Festa do Carmo sem nenhuma ocorr\u00eancia violenta durante as comemora\u00e7\u00f5es em homenagem \u00e0 Padroeira da cidade de Belmonte. O policiamento ostensivo recebeu um importante refor\u00e7o que cobriu toda a festa e coibiu a a\u00e7\u00e3o de criminosos durante todo o evento.\u00a0Ainda [&hellip;]<\/p>\n","protected":false},"author":7,"featured_media":22833,"comment_status":"open","ping_status":"open","sticky":false,"template":"","format":"standard","meta":{"footnotes":""},"categories":[1,16],"tags":[],"class_list":["post-22830","post","type-post","status-publish","format-standard","has-post-thumbnail","hentry","category-noticias","category-policial"],"_links":{"self":[{"href":"https:\/\/www.maisbn.com\/portal\/wp-json\/wp\/v2\/posts\/22830","targetHints":{"allow":["GET"]}}],"collection":[{"href":"https:\/\/www.maisbn.com\/portal\/wp-json\/wp\/v2\/posts"}],"about":[{"href":"https:\/\/www.maisbn.com\/portal\/wp-json\/wp\/v2\/types\/post"}],"author":[{"embeddable":true,"href":"https:\/\/www.maisbn.com\/portal\/wp-json\/wp\/v2\/users\/7"}],"replies":[{"embeddable":true,"href":"https:\/\/www.maisbn.com\/portal\/wp-json\/wp\/v2\/comments?post=22830"}],"version-history":[{"count":2,"href":"https:\/\/www.maisbn.com\/portal\/wp-json\/wp\/v2\/posts\/22830\/revisions"}],"predecessor-version":[{"id":22834,"href":"https:\/\/www.maisbn.com\/portal\/wp-json\/wp\/v2\/posts\/22830\/revisions\/22834"}],"wp:featuredmedia":[{"embeddable":true,"href":"https:\/\/www.maisbn.com\/portal\/wp-json\/wp\/v2\/media\/22833"}],"wp:attachment":[{"href":"https:\/\/www.maisbn.com\/portal\/wp-json\/wp\/v2\/media?parent=22830"}],"wp:term":[{"taxonomy":"category","embeddable":true,"href":"https:\/\/www.maisbn.com\/portal\/wp-json\/wp\/v2\/categories?post=22830"},{"taxonomy":"post_tag","embeddable":true,"href":"https:\/\/www.maisbn.com\/portal\/wp-json\/wp\/v2\/tags?post=22830"}],"curies":[{"name":"wp","href":"https:\/\/api.w.org\/{rel}","templated":true}]}}