{"id":2267,"date":"2013-01-28T23:30:59","date_gmt":"2013-01-29T01:30:59","guid":{"rendered":"http:\/\/www.maisbn.com\/portal\/?p=2267"},"modified":"2013-01-29T21:36:38","modified_gmt":"2013-01-29T23:36:38","slug":"festa-de-sao-sebastiao-em-belmonte-e-mogiquicaba","status":"publish","type":"post","link":"https:\/\/www.maisbn.com\/portal\/2013\/01\/festa-de-sao-sebastiao-em-belmonte-e-mogiquicaba\/","title":{"rendered":"Festa de S\u00e3o Sebasti\u00e3o em Belmonte e Mogiqui\u00e7aba."},"content":{"rendered":"<p><a href=\"http:\/\/www.maisbn.com\/portal\/wp-content\/uploads\/2013\/01\/sebastiao.jpg\"><img loading=\"lazy\" decoding=\"async\" class=\"alignleft  wp-image-2269\" alt=\"sebastiao\" src=\"http:\/\/www.maisbn.com\/portal\/wp-content\/uploads\/2013\/01\/sebastiao.jpg\" width=\"333\" height=\"211\" srcset=\"https:\/\/www.maisbn.com\/portal\/wp-content\/uploads\/2013\/01\/sebastiao.jpg 650w, https:\/\/www.maisbn.com\/portal\/wp-content\/uploads\/2013\/01\/sebastiao-552x350.jpg 552w, https:\/\/www.maisbn.com\/portal\/wp-content\/uploads\/2013\/01\/sebastiao-500x316.jpg 500w\" sizes=\"auto, (max-width: 333px) 100vw, 333px\" \/><\/a>Tradicional em Belmonte, a festa cat\u00f3lica em homenagem a S\u00e3o Sebasti\u00e3o foi marcada este ano por v\u00e1rias festividades. No dia 19 de Janeiro, \u00e0s 19 horas, na de Igreja de S\u00e3o Sebasti\u00e3o no Centro da cidade, foi celebrada pelo Frei Lucas uma missa onde o mesmo convidou a todos os a ser como S\u00e3o Sebasti\u00e3o, se espelhando na hist\u00f3ria de sua vida.<\/p>\n<p>Logo ap\u00f3s a missa a alegria tomou conta das ruas com as apresenta\u00e7\u00f5es dos &#8220;Boi-duros&#8221; que se concentraram inicialmente em frente \u00e0 sede dos carregadores onde o mastro de S\u00e3o Sebasti\u00e3o \u00e9 preparado e previamente enfeitado para a marcante e tradicional puxada do Mastro que re\u00fane todos os anos centenas de pessoa. Durante o percurso do Mastro at\u00e9 a Pra\u00e7a de S\u00e3o Sebasti\u00e3o onde ele \u00e9 erguido, \u00e9 comum ver v\u00e1rias pessoas se esfor\u00e7ando ao m\u00e1ximo para conseguir arrancar algumas folhas que envolvem o mastro, pois segundo a tradi\u00e7\u00e3o os banhos feitos das folhas purificam o corpo e o espirito.<\/p>\n<p>Ap\u00f3s o mastro ser erguido no centro da Pra\u00e7a os Boi-duros realizaram suas apresenta\u00e7\u00f5es onde foram aplaudidos pelas pessoas que assistiam ao espet\u00e1culo. Este ano o destaque foi para o Boi-duro &#8220;Ai se eu te pego&#8221;, pela organiza\u00e7\u00e3o e qualidade das apresenta\u00e7\u00f5es.<\/p>\n<p><a href=\"http:\/\/www.maisbn.com\/portal\/wp-content\/uploads\/2013\/01\/saosebastia.jpg\"><img loading=\"lazy\" decoding=\"async\" class=\"size-full wp-image-2270 aligncenter\" alt=\"saosebastia\" src=\"http:\/\/www.maisbn.com\/portal\/wp-content\/uploads\/2013\/01\/saosebastia.jpg\" width=\"650\" height=\"412\" srcset=\"https:\/\/www.maisbn.com\/portal\/wp-content\/uploads\/2013\/01\/saosebastia.jpg 650w, https:\/\/www.maisbn.com\/portal\/wp-content\/uploads\/2013\/01\/saosebastia-552x350.jpg 552w, https:\/\/www.maisbn.com\/portal\/wp-content\/uploads\/2013\/01\/saosebastia-500x316.jpg 500w\" sizes=\"auto, (max-width: 650px) 100vw, 650px\" \/><\/a><\/p>\n<p>No dia 20 de Janeiro a festa de S\u00e3o Sebasti\u00e3o foi no povoado de Mogiqui\u00e7aba onde o mastro tamb\u00e9m percorreu as ruas do povoado parando em algumas casas onde foram realizadas diversas ora\u00e7\u00f5es at\u00e9 chegar na Igreja do santo onde ap\u00f3s as celebra\u00e7\u00e3o da missa o mastro foi erguido.<\/p>\n<div style=\"width: 210px\" class=\"wp-caption aligncenter\"><a href=\"http:\/\/www.maisbn.com\/galerias\/168\" target=\"_blank\"><img loading=\"lazy\" decoding=\"async\" style=\"border: 0px none;\" alt=\"\" src=\"http:\/\/www.belmontenews.com\/imagensFCK\/image\/galeria_fotos.gif\" width=\"200\" height=\"169\" border=\"0\" \/><\/a><p class=\"wp-caption-text\">Belmonte<\/p><\/div>\n<p style=\"text-align: center;\">\n<p>&nbsp;<\/p>\n<div style=\"width: 210px\" class=\"wp-caption aligncenter\"><a href=\"http:\/\/www.maisbn.com\/galerias\/167\" target=\"_blank\"><img loading=\"lazy\" decoding=\"async\" style=\"border: 0px none;\" alt=\"\" src=\"http:\/\/www.belmontenews.com\/imagensFCK\/image\/galeria_fotos.gif\" width=\"200\" height=\"169\" border=\"0\" \/><\/a><p class=\"wp-caption-text\">Mogiqui\u00e7aba<\/p><\/div>\n<p style=\"text-align: center;\">\n","protected":false},"excerpt":{"rendered":"<p>Tradicional em Belmonte, a festa cat\u00f3lica em homenagem a S\u00e3o Sebasti\u00e3o foi marcada este ano por v\u00e1rias festividades. No dia 19 de Janeiro, \u00e0s 19 horas, na de Igreja de S\u00e3o Sebasti\u00e3o no Centro da cidade, foi celebrada pelo Frei Lucas uma missa onde o mesmo convidou a todos os a ser como S\u00e3o Sebasti\u00e3o, [&hellip;]<\/p>\n","protected":false},"author":1,"featured_media":0,"comment_status":"closed","ping_status":"open","sticky":false,"template":"","format":"standard","meta":{"footnotes":""},"categories":[45,1],"tags":[117,337],"class_list":["post-2267","post","type-post","status-publish","format-standard","hentry","category-cidades","category-noticias","tag-boi-duro","tag-sao-sebastiao"],"_links":{"self":[{"href":"https:\/\/www.maisbn.com\/portal\/wp-json\/wp\/v2\/posts\/2267","targetHints":{"allow":["GET"]}}],"collection":[{"href":"https:\/\/www.maisbn.com\/portal\/wp-json\/wp\/v2\/posts"}],"about":[{"href":"https:\/\/www.maisbn.com\/portal\/wp-json\/wp\/v2\/types\/post"}],"author":[{"embeddable":true,"href":"https:\/\/www.maisbn.com\/portal\/wp-json\/wp\/v2\/users\/1"}],"replies":[{"embeddable":true,"href":"https:\/\/www.maisbn.com\/portal\/wp-json\/wp\/v2\/comments?post=2267"}],"version-history":[{"count":0,"href":"https:\/\/www.maisbn.com\/portal\/wp-json\/wp\/v2\/posts\/2267\/revisions"}],"wp:attachment":[{"href":"https:\/\/www.maisbn.com\/portal\/wp-json\/wp\/v2\/media?parent=2267"}],"wp:term":[{"taxonomy":"category","embeddable":true,"href":"https:\/\/www.maisbn.com\/portal\/wp-json\/wp\/v2\/categories?post=2267"},{"taxonomy":"post_tag","embeddable":true,"href":"https:\/\/www.maisbn.com\/portal\/wp-json\/wp\/v2\/tags?post=2267"}],"curies":[{"name":"wp","href":"https:\/\/api.w.org\/{rel}","templated":true}]}}