{"id":2231,"date":"2013-01-26T03:58:55","date_gmt":"2013-01-26T05:58:55","guid":{"rendered":"http:\/\/www.maisbn.com\/portal\/?p=2231"},"modified":"2013-01-26T04:41:19","modified_gmt":"2013-01-26T06:41:19","slug":"governador-inaugura-base-de-seguranca-em-porto-seguro-e-central-de-comunicacao-em-porto-seguro","status":"publish","type":"post","link":"https:\/\/www.maisbn.com\/portal\/2013\/01\/governador-inaugura-base-de-seguranca-em-porto-seguro-e-central-de-comunicacao-em-porto-seguro\/","title":{"rendered":"Governador inaugura base de seguran\u00e7a e Central de Comunica\u00e7\u00e3o em Porto Seguro."},"content":{"rendered":"<p><a href=\"http:\/\/www.maisbn.com\/portal\/wp-content\/uploads\/2013\/01\/policiamilitar.jpg\"><img loading=\"lazy\" decoding=\"async\" class=\"aligncenter size-medium wp-image-2234\" alt=\"policiamilitar\" src=\"http:\/\/www.maisbn.com\/portal\/wp-content\/uploads\/2013\/01\/policiamilitar-526x350.jpg\" width=\"526\" height=\"350\" srcset=\"https:\/\/www.maisbn.com\/portal\/wp-content\/uploads\/2013\/01\/policiamilitar-526x350.jpg 526w, https:\/\/www.maisbn.com\/portal\/wp-content\/uploads\/2013\/01\/policiamilitar-500x332.jpg 500w, https:\/\/www.maisbn.com\/portal\/wp-content\/uploads\/2013\/01\/policiamilitar.jpg 650w\" sizes=\"auto, (max-width: 526px) 100vw, 526px\" \/><\/a><\/p>\n<p>Porto Seguro esta ainda mais segura. Assim pensam os moradores da cidade com a nova Base\u00a0Comunit\u00e1ria\u00a0de\u00a0Seguran\u00e7a\u00a0que estar\u00e1 sendo inaugurada na\u00a0pr\u00f3xima\u00a0segunda-feira ( 28\/01) no bairro do Baian\u00e3o em Porto Seguro. A base contar\u00e1 com um efetivo de 80 homens e com 12 viaturas (4 carros e 8 motocicletas), ainda\u00a0ser\u00e3o\u00a0instaladas dez\u00a0c\u00e2meras\u00a0de\u00a0v\u00eddeo\u00a0em locais\u00a0estrat\u00e9gicos\u00a0para monitoramento.<br \/>\nO governador Jaques Wagner\u00a0estar\u00e1\u00a0na cidade durante a\u00a0inaugura\u00e7\u00e3o\u00a0 e alem da base, Porto Seguro ainda\u00a0ter\u00e1\u00a0um Centro de Integrado de\u00a0Comunica\u00e7\u00e3o\u00a0onde\u00a0estar\u00e3o\u00a0funcionando no mesmo lugar as centrais da Policia Militar, Policia Civil, Policia\u00a0T\u00e9cnica\u00a0e Corpo de Bombeiros. A SICOM, sigla pela qual a central ser\u00e1 conhecida, contar\u00e1 com uma central\u00a0telef\u00f4nica\u00a0 4\u00a0c\u00e2meras\u00a0fixas e 11 computadores. As cidades de Belmonte e Santa Cruz\u00a0Cabr\u00e1lia\u00a0tamb\u00e9m\u00a0ser\u00e3o\u00a0atendidas, para isso, todos os\u00a0r\u00e1dios comunicadores\u00a0das viaturas e centrais da \u00e1rea do 8 Batalh\u00e3o est\u00e3o\u00a0sendo trocados por\u00a0r\u00e1dios\u00a0mais modernos. A esses investimentos ainda se somam a\u00a0renova\u00e7\u00e3o\u00a0das frotas de viaturas das Policiais Militares, Civil e\u00a0T\u00e9cnica,\u00a0que receberam viaturas novas e mais adaptadas para o policiamento na\u00a0regi\u00e3o.<br \/>\nCom essa iniciativa quem ganha\u00a0s\u00e3o\u00a0os moradores da Costa do Descobrimento que\u00a0ter\u00e3o\u00a0um melhor atendimento na\u00a0\u00e1rea\u00a0de\u00a0seguran\u00e7a\u00a0publica, atraindo ainda mais turistas para desfrutar tranquilamente as lindas maravilhas desta\u00a0regi\u00e3o\u00a0aben\u00e7oada\u00a0por Deus.<\/p>\n","protected":false},"excerpt":{"rendered":"<p>Porto Seguro esta ainda mais segura. Assim pensam os moradores da cidade com a nova Base\u00a0Comunit\u00e1ria\u00a0de\u00a0Seguran\u00e7a\u00a0que estar\u00e1 sendo inaugurada na\u00a0pr\u00f3xima\u00a0segunda-feira ( 28\/01) no bairro do Baian\u00e3o em Porto Seguro. A base contar\u00e1 com um efetivo de 80 homens e com 12 viaturas (4 carros e 8 motocicletas), ainda\u00a0ser\u00e3o\u00a0instaladas dez\u00a0c\u00e2meras\u00a0de\u00a0v\u00eddeo\u00a0em locais\u00a0estrat\u00e9gicos\u00a0para monitoramento. O governador Jaques Wagner\u00a0estar\u00e1\u00a0na [&hellip;]<\/p>\n","protected":false},"author":7,"featured_media":0,"comment_status":"closed","ping_status":"open","sticky":false,"template":"","format":"standard","meta":{"footnotes":""},"categories":[1],"tags":[158,188,206],"class_list":["post-2231","post","type-post","status-publish","format-standard","hentry","category-noticias","tag-5a-cia-de-policia-militar","tag-policia-cabralia","tag-policia-militar-em-belmonte"],"_links":{"self":[{"href":"https:\/\/www.maisbn.com\/portal\/wp-json\/wp\/v2\/posts\/2231","targetHints":{"allow":["GET"]}}],"collection":[{"href":"https:\/\/www.maisbn.com\/portal\/wp-json\/wp\/v2\/posts"}],"about":[{"href":"https:\/\/www.maisbn.com\/portal\/wp-json\/wp\/v2\/types\/post"}],"author":[{"embeddable":true,"href":"https:\/\/www.maisbn.com\/portal\/wp-json\/wp\/v2\/users\/7"}],"replies":[{"embeddable":true,"href":"https:\/\/www.maisbn.com\/portal\/wp-json\/wp\/v2\/comments?post=2231"}],"version-history":[{"count":0,"href":"https:\/\/www.maisbn.com\/portal\/wp-json\/wp\/v2\/posts\/2231\/revisions"}],"wp:attachment":[{"href":"https:\/\/www.maisbn.com\/portal\/wp-json\/wp\/v2\/media?parent=2231"}],"wp:term":[{"taxonomy":"category","embeddable":true,"href":"https:\/\/www.maisbn.com\/portal\/wp-json\/wp\/v2\/categories?post=2231"},{"taxonomy":"post_tag","embeddable":true,"href":"https:\/\/www.maisbn.com\/portal\/wp-json\/wp\/v2\/tags?post=2231"}],"curies":[{"name":"wp","href":"https:\/\/api.w.org\/{rel}","templated":true}]}}