{"id":22240,"date":"2019-05-18T12:18:23","date_gmt":"2019-05-18T15:18:23","guid":{"rendered":"http:\/\/www.maisbn.com\/portal\/?p=22240"},"modified":"2019-05-18T12:18:23","modified_gmt":"2019-05-18T15:18:23","slug":"secretaria-de-educacao-realiza-evento-em-homenagem-ao-dia-de-combate-ao-abuso-contra-criancas-e-adolescentes","status":"publish","type":"post","link":"https:\/\/www.maisbn.com\/portal\/2019\/05\/secretaria-de-educacao-realiza-evento-em-homenagem-ao-dia-de-combate-ao-abuso-contra-criancas-e-adolescentes\/","title":{"rendered":"Secretaria de Educa\u00e7\u00e3o realiza evento em homenagem ao Dia de Combate ao Abuso contra Crian\u00e7as e Adolescentes."},"content":{"rendered":"<div><a href=\"http:\/\/www.maisbn.com\/portal\/wp-content\/uploads\/2019\/05\/secretario_palestra_barrolandia.jpg\"><img loading=\"lazy\" decoding=\"async\" class=\"aligncenter wp-image-22241\" src=\"http:\/\/www.maisbn.com\/portal\/wp-content\/uploads\/2019\/05\/secretario_palestra_barrolandia.jpg\" alt=\"secretario_palestra_barrolandia\" width=\"600\" height=\"450\" \/><\/a><\/div>\n<div>Na manh\u00e3 da \u00faltima sexta-feira (17\/05), o Secret\u00e1rio Municipal de Educa\u00e7\u00e3o Rog\u00e9rio Bahia participou de uma palestra sobre o Dia Nacional de Combate aos Abusos contra a Crian\u00e7as e Adolescentes, que tem como data o dia 18 de maio. O evento aconteceu na Creche Maria Nilda Maltez, no Distrito de Barrol\u00e2ndia e contou com a presen\u00e7a de educadores, pais, alunos e pessoas da comunidade.<\/div>\n<div><\/div>\n<div>Em suas palavras, Rog\u00e9rio Bahia comentou que os abusos cometidos contra as crian\u00e7as e os adolescentes s\u00e3o comportamentos criminosos e despertam a repulsa e a indigna\u00e7\u00e3o de toda a sociedade. O Secret\u00e1rio revelou a todos que o modo mais eficaz para combater esse problema \u00e9 a conscientiza\u00e7\u00e3o do combate desse tipo de viol\u00eancia, buscando sempre preservar vidas, zelando pelo desenvolvimento e prote\u00e7\u00e3o dos jovens que s\u00e3o o futuro do pa\u00eds. <em><strong>\u201cO nosso objetivo \u00e9 mobilizar a sociedade e convoc\u00e1-la para o engajamento contra a viola\u00e7\u00e3o dos direitos sexuais de crian\u00e7as e adolescentes\u201d.\u00a0 <\/strong><\/em>&#8211; Comentou o mandat\u00e1rio da educa\u00e7\u00e3o belmontense.<\/div>\n<div><\/div>\n<div>O evento foi finalizado com a disponibiliza\u00e7\u00e3o dos telefones Disque 100 e do n\u00famero 180, que s\u00e3o os telefones que recebem den\u00fancias de abusos contra crian\u00e7as e adolescentes. Tamb\u00e9m foi informado \u00e0 comunidade para que recorra ao Conselho Tutelar, \u00f3rg\u00e3o respons\u00e1vel pelo atendimento desse tipo de ocorr\u00eancia no munic\u00edpio.<\/div>\n","protected":false},"excerpt":{"rendered":"<p>Na manh\u00e3 da \u00faltima sexta-feira (17\/05), o Secret\u00e1rio Municipal de Educa\u00e7\u00e3o Rog\u00e9rio Bahia participou de uma palestra sobre o Dia Nacional de Combate aos Abusos contra a Crian\u00e7as e Adolescentes, que tem como data o dia 18 de maio. O evento aconteceu na Creche Maria Nilda Maltez, no Distrito de Barrol\u00e2ndia e contou com a [&hellip;]<\/p>\n","protected":false},"author":7,"featured_media":22241,"comment_status":"open","ping_status":"open","sticky":false,"template":"","format":"standard","meta":{"footnotes":""},"categories":[8,1],"tags":[],"class_list":["post-22240","post","type-post","status-publish","format-standard","has-post-thumbnail","hentry","category-educacao","category-noticias"],"_links":{"self":[{"href":"https:\/\/www.maisbn.com\/portal\/wp-json\/wp\/v2\/posts\/22240","targetHints":{"allow":["GET"]}}],"collection":[{"href":"https:\/\/www.maisbn.com\/portal\/wp-json\/wp\/v2\/posts"}],"about":[{"href":"https:\/\/www.maisbn.com\/portal\/wp-json\/wp\/v2\/types\/post"}],"author":[{"embeddable":true,"href":"https:\/\/www.maisbn.com\/portal\/wp-json\/wp\/v2\/users\/7"}],"replies":[{"embeddable":true,"href":"https:\/\/www.maisbn.com\/portal\/wp-json\/wp\/v2\/comments?post=22240"}],"version-history":[{"count":1,"href":"https:\/\/www.maisbn.com\/portal\/wp-json\/wp\/v2\/posts\/22240\/revisions"}],"predecessor-version":[{"id":22242,"href":"https:\/\/www.maisbn.com\/portal\/wp-json\/wp\/v2\/posts\/22240\/revisions\/22242"}],"wp:featuredmedia":[{"embeddable":true,"href":"https:\/\/www.maisbn.com\/portal\/wp-json\/wp\/v2\/media\/22241"}],"wp:attachment":[{"href":"https:\/\/www.maisbn.com\/portal\/wp-json\/wp\/v2\/media?parent=22240"}],"wp:term":[{"taxonomy":"category","embeddable":true,"href":"https:\/\/www.maisbn.com\/portal\/wp-json\/wp\/v2\/categories?post=22240"},{"taxonomy":"post_tag","embeddable":true,"href":"https:\/\/www.maisbn.com\/portal\/wp-json\/wp\/v2\/tags?post=22240"}],"curies":[{"name":"wp","href":"https:\/\/api.w.org\/{rel}","templated":true}]}}