{"id":22162,"date":"2019-05-08T23:02:16","date_gmt":"2019-05-09T02:02:16","guid":{"rendered":"http:\/\/www.maisbn.com\/portal\/?p=22162"},"modified":"2019-05-08T23:02:16","modified_gmt":"2019-05-09T02:02:16","slug":"veracel-comunica-leilao-para-a-venda-de-veiculos-a-ser-realizado-no-proximo-dia-15-de-maio","status":"publish","type":"post","link":"https:\/\/www.maisbn.com\/portal\/2019\/05\/veracel-comunica-leilao-para-a-venda-de-veiculos-a-ser-realizado-no-proximo-dia-15-de-maio\/","title":{"rendered":"Veracel comunica leil\u00e3o para a venda de ve\u00edculos a ser realizado no pr\u00f3ximo dia 15 de maio."},"content":{"rendered":"<p><a href=\"http:\/\/www.maisbn.com\/portal\/wp-content\/uploads\/2019\/05\/leilao-001.jpg\"><img loading=\"lazy\" decoding=\"async\" class=\"aligncenter  wp-image-22163\" src=\"http:\/\/www.maisbn.com\/portal\/wp-content\/uploads\/2019\/05\/leilao-001.jpg\" alt=\"leilao-001\" width=\"600\" height=\"444\" \/><\/a><\/p>\n<p>A Assessoria de Comunica\u00e7\u00e3o da Veracel informou em nota divulgada nessa quarta-feira (08\/05) que est\u00e1 dispon\u00edvel um novo leil\u00e3o para a venda de ve\u00edculos. A p\u00e1gina do leil\u00e3o estar\u00e1 funcionando para lances at\u00e9 o dia 15\/05 no endere\u00e7o www.deseulance.com. A sess\u00e3o de encerramento do leil\u00e3o ter\u00e1 in\u00edcio \u00e0s 10:30 (hor\u00e1rio de Bras\u00edlia).<\/p>\n<p>Os interessados devem fazer o cadastro no site com login e senha da sua escolha. Ap\u00f3s o cadastramento \u00e9 poss\u00edvel efetuar os lances para a compra dos ve\u00edculos escolhidos. A empresa ainda informa que as pessoas que n\u00e3o poderem estar conectadas durante a sess\u00e3o de encerramento poder\u00e3o usar o recurso dos lances programados.<\/p>\n","protected":false},"excerpt":{"rendered":"<p>A Assessoria de Comunica\u00e7\u00e3o da Veracel informou em nota divulgada nessa quarta-feira (08\/05) que est\u00e1 dispon\u00edvel um novo leil\u00e3o para a venda de ve\u00edculos. A p\u00e1gina do leil\u00e3o estar\u00e1 funcionando para lances at\u00e9 o dia 15\/05 no endere\u00e7o www.deseulance.com. A sess\u00e3o de encerramento do leil\u00e3o ter\u00e1 in\u00edcio \u00e0s 10:30 (hor\u00e1rio de Bras\u00edlia). Os interessados devem [&hellip;]<\/p>\n","protected":false},"author":7,"featured_media":22163,"comment_status":"open","ping_status":"open","sticky":false,"template":"","format":"standard","meta":{"footnotes":""},"categories":[9,1],"tags":[],"class_list":["post-22162","post","type-post","status-publish","format-standard","has-post-thumbnail","hentry","category-concursos-oportunidades","category-noticias"],"_links":{"self":[{"href":"https:\/\/www.maisbn.com\/portal\/wp-json\/wp\/v2\/posts\/22162","targetHints":{"allow":["GET"]}}],"collection":[{"href":"https:\/\/www.maisbn.com\/portal\/wp-json\/wp\/v2\/posts"}],"about":[{"href":"https:\/\/www.maisbn.com\/portal\/wp-json\/wp\/v2\/types\/post"}],"author":[{"embeddable":true,"href":"https:\/\/www.maisbn.com\/portal\/wp-json\/wp\/v2\/users\/7"}],"replies":[{"embeddable":true,"href":"https:\/\/www.maisbn.com\/portal\/wp-json\/wp\/v2\/comments?post=22162"}],"version-history":[{"count":1,"href":"https:\/\/www.maisbn.com\/portal\/wp-json\/wp\/v2\/posts\/22162\/revisions"}],"predecessor-version":[{"id":22164,"href":"https:\/\/www.maisbn.com\/portal\/wp-json\/wp\/v2\/posts\/22162\/revisions\/22164"}],"wp:featuredmedia":[{"embeddable":true,"href":"https:\/\/www.maisbn.com\/portal\/wp-json\/wp\/v2\/media\/22163"}],"wp:attachment":[{"href":"https:\/\/www.maisbn.com\/portal\/wp-json\/wp\/v2\/media?parent=22162"}],"wp:term":[{"taxonomy":"category","embeddable":true,"href":"https:\/\/www.maisbn.com\/portal\/wp-json\/wp\/v2\/categories?post=22162"},{"taxonomy":"post_tag","embeddable":true,"href":"https:\/\/www.maisbn.com\/portal\/wp-json\/wp\/v2\/tags?post=22162"}],"curies":[{"name":"wp","href":"https:\/\/api.w.org\/{rel}","templated":true}]}}