{"id":22154,"date":"2019-05-08T10:17:36","date_gmt":"2019-05-08T13:17:36","guid":{"rendered":"http:\/\/www.maisbn.com\/portal\/?p=22154"},"modified":"2019-05-08T10:46:51","modified_gmt":"2019-05-08T13:46:51","slug":"comandante-do-8o-batalhao-e-promovido-a-tenente-coronel-pelos-otimos-servicos-prestados","status":"publish","type":"post","link":"https:\/\/www.maisbn.com\/portal\/2019\/05\/comandante-do-8o-batalhao-e-promovido-a-tenente-coronel-pelos-otimos-servicos-prestados\/","title":{"rendered":"Comandante do 8\u00ba Batalh\u00e3o \u00e9 promovido a Tenente-coronel pelos \u00f3timos servi\u00e7os prestados."},"content":{"rendered":"<div id=\"attachment_16336\" style=\"width: 610px\" class=\"wp-caption aligncenter\"><a href=\"http:\/\/www.maisbn.com\/portal\/wp-content\/uploads\/2017\/10\/major.jpg\"><img loading=\"lazy\" decoding=\"async\" aria-describedby=\"caption-attachment-16336\" class=\"wp-image-16336\" src=\"http:\/\/www.maisbn.com\/portal\/wp-content\/uploads\/2017\/10\/major.jpg\" alt=\"major\" width=\"600\" height=\"451\" \/><\/a><p id=\"caption-attachment-16336\" class=\"wp-caption-text\">Tenente-Coronel Anacleto Fran\u00e7a, comandante do 8\u00baBPM\/Porto Seguro.<\/p><\/div>\n<p>O vice-governador, no exerc\u00edcio do cargo de governador do Estado da Bahia, Jo\u00e3o Le\u00e3o (PP), publicou no Di\u00e1rio Oficial do Estado da Bahia desta ter\u00e7a-feira (07\/05), a promo\u00e7\u00e3o de 167 oficiais da Pol\u00edcia Militar. Por crit\u00e9rio de merecimento o atual comandante do 8\u00ba Batalh\u00e3o da Pol\u00edcia Militar de Porto Seguro (8\u00baBPM), Anacleto Fran\u00e7a Silva foi promovido a patente de tenente-coronel. Tamb\u00e9m foi promovido pelo mesmo crit\u00e9rio o sub-comandante da unidade citada, o agora Major Vagner Gon\u00e7alves Ribeiro.<\/p>\n<div id=\"attachment_22155\" style=\"width: 431px\" class=\"wp-caption aligncenter\"><a href=\"http:\/\/www.maisbn.com\/portal\/wp-content\/uploads\/2019\/05\/major_vagner.jpg\"><img loading=\"lazy\" decoding=\"async\" aria-describedby=\"caption-attachment-22155\" class=\"wp-image-22155\" src=\"http:\/\/www.maisbn.com\/portal\/wp-content\/uploads\/2019\/05\/major_vagner.jpg\" alt=\"major_vagner\" width=\"421\" height=\"421\" \/><\/a><p id=\"caption-attachment-22155\" class=\"wp-caption-text\">Major Vagner Gon\u00e7alves Ribeiro. Sub-comandante do 8\u00baBPM\/Porto Seguro.<\/p><\/div>\n<p>Foi na gest\u00e3o do agora Tenente-coronel Anacleto Fran\u00e7a que a regi\u00e3o de Porto Seguro reduziu sensivelmente os n\u00fameros da criminalidade e o 8\u00ba BPM figurou como a unidade do extremo sul baiano que apreendeu mais armas e drogas. A \u00faltima marca agora comemorada pelo comando do 8\u00ba Batalh\u00e3o \u00e9 alcan\u00e7ar 40 dias sem homic\u00eddios na cidade de Porto Seguro.<\/p>\n<div id=\"attachment_20536\" style=\"width: 610px\" class=\"wp-caption aligncenter\"><a href=\"http:\/\/www.maisbn.com\/portal\/wp-content\/uploads\/2018\/11\/Rededeprevencaoaviolenciaamulher00020.jpg\"><img loading=\"lazy\" decoding=\"async\" aria-describedby=\"caption-attachment-20536\" class=\"wp-image-20536\" src=\"http:\/\/www.maisbn.com\/portal\/wp-content\/uploads\/2018\/11\/Rededeprevencaoaviolenciaamulher00020.jpg\" alt=\"Rededeprevencaoaviolenciaamulher00020\" width=\"600\" height=\"385\" \/><\/a><p id=\"caption-attachment-20536\" class=\"wp-caption-text\">Apresenta\u00e7\u00e3o da Rede de Preven\u00e7\u00e3o \u00e0 Viol\u00eancia Contra \u00e0 Mulher em Porto Seguro. Projeto idealizado pelo Tenente-coronel Anacleto Fran\u00e7a que contou com apoio de toda a comunidade.<\/p><\/div>\n<p>O Tenente-coronel Anacleto Fran\u00e7a agora aposta na redu\u00e7\u00e3o do n\u00famero de viol\u00eancia dom\u00e9stica cometidos contra a mulher. Para isso, o oficial idealizou e lan\u00e7ou o projeto da Rede de Preven\u00e7\u00e3o \u00e0 Viol\u00eancia Contra a Mulher em Porto Seguro. A iniciativa, que tem apoio de v\u00e1rias autoridades, tem como objetivo tornar mais r\u00e1pido o atendimentos de ocorr\u00eancias dessa natureza e garantir a efetiva puni\u00e7\u00e3o dos agressores. Policiais foram treinados especialmente para atender essas situa\u00e7\u00f5es e uma central telef\u00f4nica de n\u00famero (73) 3162-7750 foi instalada com atendentes preparados para atender as v\u00edtimas, al\u00e9m do j\u00e1 conhecido 190.<\/p>\n<p><a href=\"http:\/\/www.maisbn.com\/portal\/wp-content\/uploads\/2015\/11\/major_franca.jpg\"><img loading=\"lazy\" decoding=\"async\" class=\"aligncenter wp-image-9361\" src=\"http:\/\/www.maisbn.com\/portal\/wp-content\/uploads\/2015\/11\/major_franca.jpg\" alt=\"major_franca\" width=\"600\" height=\"338\" \/><\/a><\/p>\n<p><strong>Tenente-coronel Fran\u00e7a<\/strong><\/p>\n<p>O agora tenente-coronel Anacleto Fran\u00e7a \u00e9 natural de Salvador e ingressou na PM aos 18 anos, em 1990. Deixou a Academia de Oficiais da Pol\u00edcia Militar da Bahia em 1993, como aspirante a tenente. No dia 2 de julho de 1994, foi promovido ao posto de 2\u00ba tenente. Em 7 de agosto de 1997, foi elevado ao posto de 1\u00ba tenente. Em 6 de janeiro de 2006, foi promovido ao posto de capit\u00e3o e em 6 de mar\u00e7o de 2013, foi promovido a patente de major. O tenente-coronel Fran\u00e7a \u00e9 bacharel em Direito pela FASB &#8211; Faculdade do Sul da Bahia, \u00e9 p\u00f3s-graduado em seguran\u00e7a p\u00fablica pela UNEB &#8211; Universidade Estadual da Bahia, p\u00f3s-graduado em gerenciamento de crises pela UFBA &#8211; Universidade Federal da Bahia e \u00e9 p\u00f3s-graduado em intelig\u00eancia estrat\u00e9gica pelo POSEAD, al\u00e9m de v\u00e1rios cursos de aperfei\u00e7oamentos conclu\u00eddos em v\u00e1rios pa\u00edses do mundo, tanto que \u00e9 considerado um dos oficiais mais bem preparados do Estado da Bahia.<\/p>\n<p>Fran\u00e7a j\u00e1 foi comandante da Companhia de Emprego T\u00e1tico e chefe do N\u00facleo de Intelig\u00eancia do extinto 13\u00ba Batalh\u00e3o da Pol\u00edcia Militar de Teixeira de Freitas. Coordenador de Planejamento Operacional e chefe do N\u00facleo de Intelig\u00eancia da CAEMA &#8211; Companhia de A\u00e7\u00f5es Especiais da Mata Atl\u00e2ntica de Posto da Mata. Coordenador de Planejamento Operacional e subcomandante do 13\u00ba BPM de Teixeira de Freitas, onde foi outorgado pelo Poder Legislativo com o t\u00edtulo de cidad\u00e3o honor\u00e1rio. J\u00e1 foi comandante da CAEMA, comandante da 7\u00aa CIPM de Eun\u00e1polis e desde o dia 25 de novembro de 2015, \u00e9 o comandante do 8\u00ba Batalh\u00e3o da Pol\u00edcia Militar de Porto Seguro.<\/p>\n<p>&nbsp;<\/p>\n","protected":false},"excerpt":{"rendered":"<p>O vice-governador, no exerc\u00edcio do cargo de governador do Estado da Bahia, Jo\u00e3o Le\u00e3o (PP), publicou no Di\u00e1rio Oficial do Estado da Bahia desta ter\u00e7a-feira (07\/05), a promo\u00e7\u00e3o de 167 oficiais da Pol\u00edcia Militar. Por crit\u00e9rio de merecimento o atual comandante do 8\u00ba Batalh\u00e3o da Pol\u00edcia Militar de Porto Seguro (8\u00baBPM), Anacleto Fran\u00e7a Silva foi [&hellip;]<\/p>\n","protected":false},"author":7,"featured_media":16336,"comment_status":"open","ping_status":"open","sticky":false,"template":"","format":"standard","meta":{"footnotes":""},"categories":[45,1],"tags":[],"class_list":["post-22154","post","type-post","status-publish","format-standard","has-post-thumbnail","hentry","category-cidades","category-noticias"],"_links":{"self":[{"href":"https:\/\/www.maisbn.com\/portal\/wp-json\/wp\/v2\/posts\/22154","targetHints":{"allow":["GET"]}}],"collection":[{"href":"https:\/\/www.maisbn.com\/portal\/wp-json\/wp\/v2\/posts"}],"about":[{"href":"https:\/\/www.maisbn.com\/portal\/wp-json\/wp\/v2\/types\/post"}],"author":[{"embeddable":true,"href":"https:\/\/www.maisbn.com\/portal\/wp-json\/wp\/v2\/users\/7"}],"replies":[{"embeddable":true,"href":"https:\/\/www.maisbn.com\/portal\/wp-json\/wp\/v2\/comments?post=22154"}],"version-history":[{"count":6,"href":"https:\/\/www.maisbn.com\/portal\/wp-json\/wp\/v2\/posts\/22154\/revisions"}],"predecessor-version":[{"id":22161,"href":"https:\/\/www.maisbn.com\/portal\/wp-json\/wp\/v2\/posts\/22154\/revisions\/22161"}],"wp:featuredmedia":[{"embeddable":true,"href":"https:\/\/www.maisbn.com\/portal\/wp-json\/wp\/v2\/media\/16336"}],"wp:attachment":[{"href":"https:\/\/www.maisbn.com\/portal\/wp-json\/wp\/v2\/media?parent=22154"}],"wp:term":[{"taxonomy":"category","embeddable":true,"href":"https:\/\/www.maisbn.com\/portal\/wp-json\/wp\/v2\/categories?post=22154"},{"taxonomy":"post_tag","embeddable":true,"href":"https:\/\/www.maisbn.com\/portal\/wp-json\/wp\/v2\/tags?post=22154"}],"curies":[{"name":"wp","href":"https:\/\/api.w.org\/{rel}","templated":true}]}}