{"id":22147,"date":"2019-05-07T17:52:34","date_gmt":"2019-05-07T20:52:34","guid":{"rendered":"http:\/\/www.maisbn.com\/portal\/?p=22147"},"modified":"2019-05-07T17:52:34","modified_gmt":"2019-05-07T20:52:34","slug":"veracel-celulose-divulga-edital-para-contratacao-de-auxiliar-ambiental-monitor-de-conservacao-ambiental-e-monitor-ambiental","status":"publish","type":"post","link":"https:\/\/www.maisbn.com\/portal\/2019\/05\/veracel-celulose-divulga-edital-para-contratacao-de-auxiliar-ambiental-monitor-de-conservacao-ambiental-e-monitor-ambiental\/","title":{"rendered":"Veracel Celulose divulga edital para contrata\u00e7\u00e3o de Auxiliar Ambiental, Monitor de Conserva\u00e7\u00e3o Ambiental e Monitor Ambiental"},"content":{"rendered":"<p>S\u00e3o vagas para profissionais com diferentes n\u00edveis de forma\u00e7\u00e3o:<\/p>\n<ul>\n<li>ensino fundamental<\/li>\n<li>ensino m\u00e9dio completo ou superior cursando<\/li>\n<li>ensino superior em Ci\u00eancias Ambientais, Gest\u00e3o Ambiental, Administra\u00e7\u00e3o ou \u00e1reas afins<\/li>\n<\/ul>\n<p>&nbsp;<\/p>\n<p>Consulte os detalhes e requisitos de cada vaga no site <strong><a href=\"http:\/\/www.vagas.com.br\/veracel\" data-saferedirecturl=\"https:\/\/www.google.com\/url?q=http:\/\/www.vagas.com.br\/veracel&amp;source=gmail&amp;ust=1557344105567000&amp;usg=AFQjCNHSTD6Us148crrSy6pz6E3s1ofSXQ\">www.vagas.com.br\/veracel<\/a>.<\/strong><\/p>\n<p>&nbsp;<\/p>\n<p>Os interessados devem cadastrar curr\u00edculo at\u00e9 o dia <strong>16\/05\/2019,<\/strong> acessando o site <a href=\"http:\/\/www.vagas.com.br\/veracel\" data-saferedirecturl=\"https:\/\/www.google.com\/url?q=http:\/\/www.vagas.com.br\/veracel&amp;source=gmail&amp;ust=1557344105567000&amp;usg=AFQjCNHSTD6Us148crrSy6pz6E3s1ofSXQ\"><strong>www.vagas.com.br\/veracel<\/strong><\/a><strong>.<\/strong> \u00a0Localize a op\u00e7\u00e3o Conhe\u00e7a as nossas vagas \u2013 Clique no t\u00edtulo da vaga para ter acesso \u00e0s informa\u00e7\u00f5es detalhadas e como candidatar-se \u2013 Depois, clique em Candidatura. A candidatura \u00e0 vaga s\u00f3 \u00e9 poss\u00edvel ap\u00f3s o cadastro das informa\u00e7\u00f5es no site.<\/p>\n<p>A Veracel \u00e9 uma empresa que se preocupa com a inclus\u00e3o. Todas as vagas tamb\u00e9m s\u00e3o destinadas a candidatos com defici\u00eancias.<\/p>\n","protected":false},"excerpt":{"rendered":"<p>S\u00e3o vagas para profissionais com diferentes n\u00edveis de forma\u00e7\u00e3o: ensino fundamental ensino m\u00e9dio completo ou superior cursando ensino superior em Ci\u00eancias Ambientais, Gest\u00e3o Ambiental, Administra\u00e7\u00e3o ou \u00e1reas afins &nbsp; Consulte os detalhes e requisitos de cada vaga no site www.vagas.com.br\/veracel. &nbsp; Os interessados devem cadastrar curr\u00edculo at\u00e9 o dia 16\/05\/2019, acessando o site www.vagas.com.br\/veracel. \u00a0Localize [&hellip;]<\/p>\n","protected":false},"author":1,"featured_media":7685,"comment_status":"open","ping_status":"open","sticky":false,"template":"","format":"standard","meta":{"footnotes":""},"categories":[9,1],"tags":[],"class_list":["post-22147","post","type-post","status-publish","format-standard","has-post-thumbnail","hentry","category-concursos-oportunidades","category-noticias"],"_links":{"self":[{"href":"https:\/\/www.maisbn.com\/portal\/wp-json\/wp\/v2\/posts\/22147","targetHints":{"allow":["GET"]}}],"collection":[{"href":"https:\/\/www.maisbn.com\/portal\/wp-json\/wp\/v2\/posts"}],"about":[{"href":"https:\/\/www.maisbn.com\/portal\/wp-json\/wp\/v2\/types\/post"}],"author":[{"embeddable":true,"href":"https:\/\/www.maisbn.com\/portal\/wp-json\/wp\/v2\/users\/1"}],"replies":[{"embeddable":true,"href":"https:\/\/www.maisbn.com\/portal\/wp-json\/wp\/v2\/comments?post=22147"}],"version-history":[{"count":1,"href":"https:\/\/www.maisbn.com\/portal\/wp-json\/wp\/v2\/posts\/22147\/revisions"}],"predecessor-version":[{"id":22148,"href":"https:\/\/www.maisbn.com\/portal\/wp-json\/wp\/v2\/posts\/22147\/revisions\/22148"}],"wp:featuredmedia":[{"embeddable":true,"href":"https:\/\/www.maisbn.com\/portal\/wp-json\/wp\/v2\/media\/7685"}],"wp:attachment":[{"href":"https:\/\/www.maisbn.com\/portal\/wp-json\/wp\/v2\/media?parent=22147"}],"wp:term":[{"taxonomy":"category","embeddable":true,"href":"https:\/\/www.maisbn.com\/portal\/wp-json\/wp\/v2\/categories?post=22147"},{"taxonomy":"post_tag","embeddable":true,"href":"https:\/\/www.maisbn.com\/portal\/wp-json\/wp\/v2\/tags?post=22147"}],"curies":[{"name":"wp","href":"https:\/\/api.w.org\/{rel}","templated":true}]}}