{"id":22144,"date":"2019-05-07T12:34:32","date_gmt":"2019-05-07T15:34:32","guid":{"rendered":"http:\/\/www.maisbn.com\/portal\/?p=22144"},"modified":"2019-05-07T12:34:32","modified_gmt":"2019-05-07T15:34:32","slug":"jovens-iniciam-cursos-de-capacitacao-profissional-na-veracel-celulose","status":"publish","type":"post","link":"https:\/\/www.maisbn.com\/portal\/2019\/05\/jovens-iniciam-cursos-de-capacitacao-profissional-na-veracel-celulose\/","title":{"rendered":"Jovens iniciam cursos de capacita\u00e7\u00e3o profissional na Veracel Celulose"},"content":{"rendered":"<p style=\"font-weight: 400;\">No dia 06\/05, 40 jovens aprendizes das turmas de 2019 do programa Jovem Aprendiz da Veracel participaram da aula inaugural dos cursos de Assistente Administrativo e Auxiliar em Fabrica\u00e7\u00e3o de Fibra Celul\u00f3sica. Eles foram selecionados entre mais de mil jovens que se inscreveram para as vagas oferecidas.\u00a0Em mar\u00e7o deste ano, outros 21 jovens conclu\u00edram o curso de Auxiliar em Fabrica\u00e7\u00e3o de Fibra Celul\u00f3sica.<\/p>\n<p style=\"font-weight: 400;\"><a href=\"http:\/\/www.maisbn.com\/portal\/wp-content\/uploads\/2019\/05\/Jovens-aprendizes-turma-de-2019.jpg\"><img loading=\"lazy\" decoding=\"async\" class=\"aligncenter size-medium wp-image-22145\" src=\"http:\/\/www.maisbn.com\/portal\/wp-content\/uploads\/2019\/05\/Jovens-aprendizes-turma-de-2019-1000x750.jpg\" alt=\"Jovens aprendizes - turma de 2019\" width=\"1000\" height=\"750\" srcset=\"https:\/\/www.maisbn.com\/portal\/wp-content\/uploads\/2019\/05\/Jovens-aprendizes-turma-de-2019-1000x750.jpg 1000w, https:\/\/www.maisbn.com\/portal\/wp-content\/uploads\/2019\/05\/Jovens-aprendizes-turma-de-2019-1333x1000.jpg 1333w\" sizes=\"auto, (max-width: 1000px) 100vw, 1000px\" \/><\/a><\/p>\n<p style=\"font-weight: 400;\">A aluna do curso de Assistente Administrativo Kauana Silva Santos, de 20 anos, conta que a Veracel j\u00e1 fazia parte da sua hist\u00f3ria desde pequena quando participou do Projeto Sementinha na cidade de Itapebi. \u201cFoi plantada uma sementinha em mim e agora estou aqui. Quero absorver o m\u00e1ximo de conhecimento e construir minha carreira na ind\u00fastria\u201d, afirmou animada.<\/p>\n<p style=\"font-weight: 400;\">Durante a cerim\u00f4nia de in\u00edcio das turmas de 2019, o diretor presidente da empresa, Andreas Birmoser, falou sobre sua trajet\u00f3ria profissional e inspirou os alunos a se preparem para as oportunidades que podem ser oferecidas pela Veracel ou por outras empresas do pa\u00eds. Andreas refor\u00e7ou tamb\u00e9m o papel da educa\u00e7\u00e3o para o desenvolvimento da regi\u00e3o. \u201cAcreditamos no poder da educa\u00e7\u00e3o e por isso investimos na qualifica\u00e7\u00e3o e capacita\u00e7\u00e3o dos jovens\u201d.<\/p>\n<p style=\"font-weight: 400;\">\u201c\u00c9 indescrit\u00edvel meu sentimento de fazer parte de uma empresa como essa no meu primeiro emprego\u201d, destacou a jovem Ana Victoria. Ela se formou na turma de 2018 do curso de Auxiliar em Fabrica\u00e7\u00e3o de Fibra Celul\u00f3sica, conclu\u00eddo em abril e foi contratada pela Veracel como operadora trainee.<\/p>\n<p style=\"font-weight: 400;\">\n<p style=\"font-weight: 400;\"><strong>CURSO DE AUXILIAR DE FABRICA\u00c7\u00c3O DE FIBRA CELUL\u00d3SICA &#8211;\u00a0<\/strong>Neste curso, os alunos conhecer\u00e3o o processo produtivo de obten\u00e7\u00e3o de celulose e dar\u00e3o aux\u00edlio na opera\u00e7\u00e3o e no controle do processo industrial, seguindo todos os procedimentos operacionais, normas e t\u00e9cnicas de seguran\u00e7a, qualidade e ambientais. O aprendiz, ap\u00f3s a qualifica\u00e7\u00e3o, poder\u00e1 atuar como operador em diversas etapas da produ\u00e7\u00e3o, desde o tratamento da mat\u00e9ria-prima at\u00e9 a obten\u00e7\u00e3o dos produtos finais, como a celulose branqueada. Ao longo do curso, os alunos associar\u00e3o a teoria \u00e0 pr\u00e1tica do setor industrial, na f\u00e1brica da Veracel.\u00a0O diferencial desta turma \u00e9 que as aulas te\u00f3ricas e pr\u00e1ticas acontecer\u00e3o integralmente na f\u00e1brica da Veracel. \u00a0\u201c<em>Como esses jovens ser\u00e3o futuramente profissionais inseridos no setor industrial, a integra\u00e7\u00e3o da teoria com a pr\u00e1tica na empresa vai acelerar o processo de aprendizado\u201d<\/em>, afirmou\u00a0a\u00a0gerente de Desenvolvimento Humano e Organizacional da empresa, Dienane Brand\u00e3o.<\/p>\n<p style=\"font-weight: 400;\">\n<strong>CURSO DE ASSISTENTE ADMINISTRATIVO &#8211;\u00a0<\/strong>A primeira fase deste curso acontecer\u00e1 na sede do SENAI, em Eun\u00e1polis, e, posteriormente, as aulas pr\u00e1ticas ser\u00e3o realizadas em \u00e1reas da Veracel. O assistente administrativo, depois de qualificado, pode atuar em diversos setores de diferentes empresas como: atendimento ao p\u00fablico, elabora\u00e7\u00e3o de documentos ou setor financeiro.<\/p>\n","protected":false},"excerpt":{"rendered":"<p>No dia 06\/05, 40 jovens aprendizes das turmas de 2019 do programa Jovem Aprendiz da Veracel participaram da aula inaugural dos cursos de Assistente Administrativo e Auxiliar em Fabrica\u00e7\u00e3o de Fibra Celul\u00f3sica. Eles foram selecionados entre mais de mil jovens que se inscreveram para as vagas oferecidas.\u00a0Em mar\u00e7o deste ano, outros 21 jovens conclu\u00edram o [&hellip;]<\/p>\n","protected":false},"author":1,"featured_media":22145,"comment_status":"open","ping_status":"open","sticky":false,"template":"","format":"standard","meta":{"footnotes":""},"categories":[9,1],"tags":[],"class_list":["post-22144","post","type-post","status-publish","format-standard","has-post-thumbnail","hentry","category-concursos-oportunidades","category-noticias"],"_links":{"self":[{"href":"https:\/\/www.maisbn.com\/portal\/wp-json\/wp\/v2\/posts\/22144","targetHints":{"allow":["GET"]}}],"collection":[{"href":"https:\/\/www.maisbn.com\/portal\/wp-json\/wp\/v2\/posts"}],"about":[{"href":"https:\/\/www.maisbn.com\/portal\/wp-json\/wp\/v2\/types\/post"}],"author":[{"embeddable":true,"href":"https:\/\/www.maisbn.com\/portal\/wp-json\/wp\/v2\/users\/1"}],"replies":[{"embeddable":true,"href":"https:\/\/www.maisbn.com\/portal\/wp-json\/wp\/v2\/comments?post=22144"}],"version-history":[{"count":1,"href":"https:\/\/www.maisbn.com\/portal\/wp-json\/wp\/v2\/posts\/22144\/revisions"}],"predecessor-version":[{"id":22146,"href":"https:\/\/www.maisbn.com\/portal\/wp-json\/wp\/v2\/posts\/22144\/revisions\/22146"}],"wp:featuredmedia":[{"embeddable":true,"href":"https:\/\/www.maisbn.com\/portal\/wp-json\/wp\/v2\/media\/22145"}],"wp:attachment":[{"href":"https:\/\/www.maisbn.com\/portal\/wp-json\/wp\/v2\/media?parent=22144"}],"wp:term":[{"taxonomy":"category","embeddable":true,"href":"https:\/\/www.maisbn.com\/portal\/wp-json\/wp\/v2\/categories?post=22144"},{"taxonomy":"post_tag","embeddable":true,"href":"https:\/\/www.maisbn.com\/portal\/wp-json\/wp\/v2\/tags?post=22144"}],"curies":[{"name":"wp","href":"https:\/\/api.w.org\/{rel}","templated":true}]}}