{"id":22118,"date":"2019-05-04T12:16:45","date_gmt":"2019-05-04T15:16:45","guid":{"rendered":"http:\/\/www.maisbn.com\/portal\/?p=22118"},"modified":"2019-05-04T12:16:45","modified_gmt":"2019-05-04T15:16:45","slug":"policia-militar-prende-homem-portando-armas-de-drogas-na-balsa-de-santa-cruz-cabralia","status":"publish","type":"post","link":"https:\/\/www.maisbn.com\/portal\/2019\/05\/policia-militar-prende-homem-portando-armas-de-drogas-na-balsa-de-santa-cruz-cabralia\/","title":{"rendered":"Pol\u00edcia Militar prende homem portando armas de drogas na Balsa de Santa Cruz Cabr\u00e1lia."},"content":{"rendered":"<p><a href=\"http:\/\/www.maisbn.com\/portal\/wp-content\/uploads\/2019\/05\/WhatsApp-Image-2019-05-04-at-11.53.58-AM.jpeg\"><img loading=\"lazy\" decoding=\"async\" class=\"aligncenter  wp-image-22119\" src=\"http:\/\/www.maisbn.com\/portal\/wp-content\/uploads\/2019\/05\/WhatsApp-Image-2019-05-04-at-11.53.58-AM.jpeg\" alt=\"WhatsApp Image 2019-05-04 at 11.53.58 AM\" width=\"601\" height=\"497\" \/><\/a><\/p>\n<p>Policiais militares prenderam um homem portando armas e drogas na Balsa de Santa Cruz Cabr\u00e1lia na noite dessa sexta-feira (03\/05). A a\u00e7\u00e3o aconteceu durante uma abordagem de rotina que acontecia no local, onde a guarni\u00e7\u00e3o avistou um homem deitado em uma motocicleta Honda NXR 160 Bros, de placa policial PKM-3389. Durante a abordagem, o suspeito foi identificado pelo nome de Uanderson Ferreira dos Santos e com ele foi encontrada uma mochila contendo um rev\u00f3lver Calibre .38 com 06 muni\u00e7\u00f5es intactas, R$ 238,00 e U$ 1,00 (D\u00f3lar) em dinheiro, 185 gramas de maconha, 270 gramas de pasta base de coca\u00edna, 280 gramas de crack divididas em 06 papelotes, 01 aparelho celular e 02 cart\u00f5es de mem\u00f3ria.<\/p>\n<p>O suspeito n\u00e3o apresentou resist\u00eancia \u00e0 abordagem policiais e foi conduzido, juntamente com todo o material encontrado, e apresentado para o registro da ocorr\u00eancia policial e para os devidos procedimentos legais cab\u00edveis \u00e0 situa\u00e7\u00e3o.<\/p>\n<p>*ASCOM.8\u00baBPM-PORTO SEGURO*<\/p>\n","protected":false},"excerpt":{"rendered":"<p>Policiais militares prenderam um homem portando armas e drogas na Balsa de Santa Cruz Cabr\u00e1lia na noite dessa sexta-feira (03\/05). A a\u00e7\u00e3o aconteceu durante uma abordagem de rotina que acontecia no local, onde a guarni\u00e7\u00e3o avistou um homem deitado em uma motocicleta Honda NXR 160 Bros, de placa policial PKM-3389. Durante a abordagem, o suspeito [&hellip;]<\/p>\n","protected":false},"author":7,"featured_media":22119,"comment_status":"open","ping_status":"open","sticky":false,"template":"","format":"standard","meta":{"footnotes":""},"categories":[1,16],"tags":[],"class_list":["post-22118","post","type-post","status-publish","format-standard","has-post-thumbnail","hentry","category-noticias","category-policial"],"_links":{"self":[{"href":"https:\/\/www.maisbn.com\/portal\/wp-json\/wp\/v2\/posts\/22118","targetHints":{"allow":["GET"]}}],"collection":[{"href":"https:\/\/www.maisbn.com\/portal\/wp-json\/wp\/v2\/posts"}],"about":[{"href":"https:\/\/www.maisbn.com\/portal\/wp-json\/wp\/v2\/types\/post"}],"author":[{"embeddable":true,"href":"https:\/\/www.maisbn.com\/portal\/wp-json\/wp\/v2\/users\/7"}],"replies":[{"embeddable":true,"href":"https:\/\/www.maisbn.com\/portal\/wp-json\/wp\/v2\/comments?post=22118"}],"version-history":[{"count":1,"href":"https:\/\/www.maisbn.com\/portal\/wp-json\/wp\/v2\/posts\/22118\/revisions"}],"predecessor-version":[{"id":22120,"href":"https:\/\/www.maisbn.com\/portal\/wp-json\/wp\/v2\/posts\/22118\/revisions\/22120"}],"wp:featuredmedia":[{"embeddable":true,"href":"https:\/\/www.maisbn.com\/portal\/wp-json\/wp\/v2\/media\/22119"}],"wp:attachment":[{"href":"https:\/\/www.maisbn.com\/portal\/wp-json\/wp\/v2\/media?parent=22118"}],"wp:term":[{"taxonomy":"category","embeddable":true,"href":"https:\/\/www.maisbn.com\/portal\/wp-json\/wp\/v2\/categories?post=22118"},{"taxonomy":"post_tag","embeddable":true,"href":"https:\/\/www.maisbn.com\/portal\/wp-json\/wp\/v2\/tags?post=22118"}],"curies":[{"name":"wp","href":"https:\/\/api.w.org\/{rel}","templated":true}]}}