{"id":22104,"date":"2019-05-03T23:01:58","date_gmt":"2019-05-04T02:01:58","guid":{"rendered":"http:\/\/www.maisbn.com\/portal\/?p=22104"},"modified":"2019-05-03T23:01:58","modified_gmt":"2019-05-04T02:01:58","slug":"pm-em-belmonte-recebe-reforco-de-05-homens-e-duas-motocicletas-para-o-policiamento-ostensivo-do-municipio","status":"publish","type":"post","link":"https:\/\/www.maisbn.com\/portal\/2019\/05\/pm-em-belmonte-recebe-reforco-de-05-homens-e-duas-motocicletas-para-o-policiamento-ostensivo-do-municipio\/","title":{"rendered":"PM em Belmonte recebe refor\u00e7o de 05 homens e duas motocicletas para o policiamento ostensivo do munic\u00edpio."},"content":{"rendered":"<p>Belmonte ganhou um refor\u00e7o importante no policiamento ostensivo com a aquisi\u00e7\u00e3o de 05 novos policiais militares para o efetivo da cidade e duas motos que auxiliar\u00e3o nos servi\u00e7os de rondas e opera\u00e7\u00f5es. O pelot\u00e3o de motociclistas come\u00e7ou a sua atua\u00e7\u00e3o no \u00faltimo dia 01\/05, onde quatro policias em duas motos efetuaram rondas pela cidade e auxiliaram a viatura em abordagens pelos bairros perif\u00e9ricos em combate a criminosos e ao tr\u00e1fico de drogas. O Pelot\u00e3o de motociclistas tamb\u00e9m ser\u00e1 usado para efetuar rondas escolares e prestar apoio \u00e0 \u00e1rea comercial da cidade, visando coibir a\u00e7\u00f5es criminosas como assaltos e roubos.<\/p>\n<p><a href=\"http:\/\/www.maisbn.com\/portal\/wp-content\/uploads\/2019\/05\/mosaico_pelotaomotociclistas.jpg\"><img loading=\"lazy\" decoding=\"async\" class=\"aligncenter  wp-image-22113\" src=\"http:\/\/www.maisbn.com\/portal\/wp-content\/uploads\/2019\/05\/mosaico_pelotaomotociclistas.jpg\" alt=\"mosaico_pelotaomotociclistas\" width=\"600\" height=\"386\" \/><\/a><\/p>\n<p>Em conversa com nossa equipe, o comandante da 5\u00aa CIA\/Belmonte, Capit\u00e3o Neri, colocou que o refor\u00e7o est\u00e1 sendo essencial para Belmonte, j\u00e1 que, a cidade vinha sofrendo com o n\u00famero insuficiente de policiais militares. O oficial aproveitou para agradecer ao Comandante da Pol\u00edcia Militar, Coronel Anselmo Brand\u00e3o, pela sensibilidade em promover melhorias para o policiamento em Belmonte e ao Major Fran\u00e7a, comandante do 8\u00ba BPM, pelo apoio irrestrito ao munic\u00edpio e por disponibilizar 02 motocicletas para compor a frota da Pol\u00edcia Militar na cidade. <strong><em>&#8220;Tamb\u00e9m devemos agradecer ao Deputado J\u00e2nio Natal por pleitear melhorias para o nosso policiamento junto ao Governo do Estado, ao Prefeito Janival Borges pela grande parceria com a nossa corpora\u00e7\u00e3o e ao Vereador Alfredo Aberceb pelas reivindica\u00e7\u00f5es visando conquistas para a Seguran\u00e7a P\u00fablica belmontense. &#8220;<\/em><\/strong> &#8211; Comentou o comandante da Pol\u00edcia Militar em Belmonte.<\/p>\n<div id=\"attachment_22114\" style=\"width: 610px\" class=\"wp-caption aligncenter\"><a href=\"http:\/\/www.maisbn.com\/portal\/wp-content\/uploads\/2019\/05\/reuniao_prefeito_major_capitao.jpeg\"><img loading=\"lazy\" decoding=\"async\" aria-describedby=\"caption-attachment-22114\" class=\"wp-image-22114\" src=\"http:\/\/www.maisbn.com\/portal\/wp-content\/uploads\/2019\/05\/reuniao_prefeito_major_capitao.jpeg\" alt=\"reuniao_prefeito_major_capitao\" width=\"600\" height=\"540\" \/><\/a><p id=\"caption-attachment-22114\" class=\"wp-caption-text\">Reuni\u00e3o entre o Prefeito Janival Borges e o Major Fran\u00e7a, comandante do 8\u00ba BPM realizada em Mar\u00e7o do ano passado para definir parceria para a constru\u00e7\u00e3o da nova sede da Pol\u00edcia Militar em Belmonte.<\/p><\/div>\n<p>Capit\u00e3o Neri finalizou comentando que a apresenta\u00e7\u00e3o formal dos novos policiais militares e do pelot\u00e3o de motociclistas \u00e1 popula\u00e7\u00e3o belmontense ser\u00e1 realizada em uma solenidade c\u00edvica que acontecer\u00e1 no dia 23 de Maio, anivers\u00e1rio de Belmonte e que ainda novos investimentos est\u00e3o previstos para a seguran\u00e7a da p\u00fablica da cidade, citando como exemplo o in\u00edcio das obras da nova sede da Pol\u00edcia Militar em Belmonte.<\/p>\n","protected":false},"excerpt":{"rendered":"<p>Belmonte ganhou um refor\u00e7o importante no policiamento ostensivo com a aquisi\u00e7\u00e3o de 05 novos policiais militares para o efetivo da cidade e duas motos que auxiliar\u00e3o nos servi\u00e7os de rondas e opera\u00e7\u00f5es. O pelot\u00e3o de motociclistas come\u00e7ou a sua atua\u00e7\u00e3o no \u00faltimo dia 01\/05, onde quatro policias em duas motos efetuaram rondas pela cidade e [&hellip;]<\/p>\n","protected":false},"author":7,"featured_media":22113,"comment_status":"open","ping_status":"open","sticky":false,"template":"","format":"standard","meta":{"footnotes":""},"categories":[45,1],"tags":[],"class_list":["post-22104","post","type-post","status-publish","format-standard","has-post-thumbnail","hentry","category-cidades","category-noticias"],"_links":{"self":[{"href":"https:\/\/www.maisbn.com\/portal\/wp-json\/wp\/v2\/posts\/22104","targetHints":{"allow":["GET"]}}],"collection":[{"href":"https:\/\/www.maisbn.com\/portal\/wp-json\/wp\/v2\/posts"}],"about":[{"href":"https:\/\/www.maisbn.com\/portal\/wp-json\/wp\/v2\/types\/post"}],"author":[{"embeddable":true,"href":"https:\/\/www.maisbn.com\/portal\/wp-json\/wp\/v2\/users\/7"}],"replies":[{"embeddable":true,"href":"https:\/\/www.maisbn.com\/portal\/wp-json\/wp\/v2\/comments?post=22104"}],"version-history":[{"count":2,"href":"https:\/\/www.maisbn.com\/portal\/wp-json\/wp\/v2\/posts\/22104\/revisions"}],"predecessor-version":[{"id":22115,"href":"https:\/\/www.maisbn.com\/portal\/wp-json\/wp\/v2\/posts\/22104\/revisions\/22115"}],"wp:featuredmedia":[{"embeddable":true,"href":"https:\/\/www.maisbn.com\/portal\/wp-json\/wp\/v2\/media\/22113"}],"wp:attachment":[{"href":"https:\/\/www.maisbn.com\/portal\/wp-json\/wp\/v2\/media?parent=22104"}],"wp:term":[{"taxonomy":"category","embeddable":true,"href":"https:\/\/www.maisbn.com\/portal\/wp-json\/wp\/v2\/categories?post=22104"},{"taxonomy":"post_tag","embeddable":true,"href":"https:\/\/www.maisbn.com\/portal\/wp-json\/wp\/v2\/tags?post=22104"}],"curies":[{"name":"wp","href":"https:\/\/api.w.org\/{rel}","templated":true}]}}