{"id":21819,"date":"2019-04-10T21:39:16","date_gmt":"2019-04-11T00:39:16","guid":{"rendered":"http:\/\/www.maisbn.com\/portal\/?p=21819"},"modified":"2019-04-10T21:39:44","modified_gmt":"2019-04-11T00:39:44","slug":"prefeito-janival-borges-se-anima-com-as-propostas-discutidas-na-marcha-dos-prefeitos-a-brasilia","status":"publish","type":"post","link":"https:\/\/www.maisbn.com\/portal\/2019\/04\/prefeito-janival-borges-se-anima-com-as-propostas-discutidas-na-marcha-dos-prefeitos-a-brasilia\/","title":{"rendered":"Prefeito Janival Borges se anima com as propostas discutidas na Marcha dos Prefeitos \u00e0 Bras\u00edlia."},"content":{"rendered":"<p><a href=\"http:\/\/www.maisbn.com\/portal\/wp-content\/uploads\/2019\/04\/WhatsApp-Image-2019-04-09-at-10.05.25-AM.jpeg\"><img loading=\"lazy\" decoding=\"async\" class=\"aligncenter wp-image-21821\" src=\"http:\/\/www.maisbn.com\/portal\/wp-content\/uploads\/2019\/04\/WhatsApp-Image-2019-04-09-at-10.05.25-AM-1000x750.jpeg\" alt=\"WhatsApp Image 2019-04-09 at 10.05.25 AM\" width=\"600\" height=\"450\" srcset=\"https:\/\/www.maisbn.com\/portal\/wp-content\/uploads\/2019\/04\/WhatsApp-Image-2019-04-09-at-10.05.25-AM-1000x750.jpeg 1000w, https:\/\/www.maisbn.com\/portal\/wp-content\/uploads\/2019\/04\/WhatsApp-Image-2019-04-09-at-10.05.25-AM.jpeg 1280w\" sizes=\"auto, (max-width: 600px) 100vw, 600px\" \/><\/a><\/p>\n<p>O Prefeito Janival Borges participou nessa ter\u00e7a-feira (09\/04) de um dos maiores eventos pol\u00edticos da Am\u00e9rica Latina, onde esteve presente o Presidente Jair Bolsonaro, Ministros, deputados, senadores e mais de 5 mil participantes, entre prefeitos vereadores e secret\u00e1rios municipais de todo o Brasil. Estamos falando da XXII Marcha \u00e0 Brasilia em Defesa dos Munic\u00edpios do Brasil, realizada pela CNM (Confedera\u00e7\u00e3o Nacional dos Munic\u00edpios).<\/p>\n<p><a href=\"http:\/\/www.maisbn.com\/portal\/wp-content\/uploads\/2019\/04\/WhatsApp-Image-2019-04-10-at-3.52.52-PM-1.jpeg\"><img loading=\"lazy\" decoding=\"async\" class=\"aligncenter size-full wp-image-21820\" src=\"http:\/\/www.maisbn.com\/portal\/wp-content\/uploads\/2019\/04\/WhatsApp-Image-2019-04-10-at-3.52.52-PM-1.jpeg\" alt=\"WhatsApp Image 2019-04-10 at 3.52.52 PM (1)\" width=\"600\" height=\"338\" \/><\/a><\/p>\n<p>A Uni\u00e3o dos Munic\u00edpios da Bahia (UPB) esteve presente com uma comitiva de 300 prefeitos levando as demandas dos munic\u00edpios e cobrando do Governo Federal melhorias para todas as cidades. Em conversa com nossa equipe, o Prefeito Janival Borges informou que pontos como o novo pacto federativo, a PEC 61\/2015 e a nova proposta que ir\u00e1 substituir o FUNDEB, que ser\u00e1 encerrado em 2020, foram os temas principais das discuss\u00f5es. <strong><em>&#8220;S\u00e3o tr\u00eas pontos muito importantes para os munic\u00edpios: Um novo Pacto Federativo ir\u00e1 dividir as verbas de forma justa para todos os entes federados. A PEC 61\/2015 disponibilizar\u00e1 os recursos das emendas parlamentares diretamente nas contas das prefeituras, sem precisar de conv\u00eanios e burocracias. O FUNDEB n\u00e3o atende mais as necessidades da educa\u00e7\u00e3o municipal e penaliza as prefeituras que, cada vez mais, tem que empregar verbas de outra \u00e1reas para cobrir o rombo da educa\u00e7\u00e3o.&#8221;<\/em> <\/strong>&#8211; Comentou Janival Borges.<\/p>\n<p><a href=\"http:\/\/www.maisbn.com\/portal\/wp-content\/uploads\/2019\/04\/WhatsApp-Image-2019-04-10-at-4.08.14-PM.jpeg\"><img loading=\"lazy\" decoding=\"async\" class=\"aligncenter wp-image-21822\" src=\"http:\/\/www.maisbn.com\/portal\/wp-content\/uploads\/2019\/04\/WhatsApp-Image-2019-04-10-at-4.08.14-PM.jpeg\" alt=\"WhatsApp Image 2019-04-10 at 4.08.14 PM\" width=\"501\" height=\"418\" \/><\/a><\/p>\n<p>&nbsp;<\/p>\n<p>O gestor belmontense ainda aproveitou para visitar o amigo e Deputado Federal Jo\u00e3o Carlos Barcelar. No gabinete do parlamentar Janival informou que foram discutidas melhorias para Belmonte e a destina\u00e7\u00e3o de verbas para diversas obras importantes para a cidade. <strong><em>&#8220;Barcelar \u00e9 um grande parceiro dos belmontenses e prometeu novas emendas parlamentares para o nosso munic\u00edpio. Tamb\u00e9m estarei sentando com o Deputado Estadual J\u00e2nio Natal para alinharmos as a\u00e7\u00f5es no \u00e2mbito estadual com o objetivo de obtermos mais recursos para a\u00e7\u00f5es que a nossa Belmonte tanto precisa.&#8221;<\/em><\/strong> &#8211; Finalizou o gestor.<\/p>\n","protected":false},"excerpt":{"rendered":"<p>O Prefeito Janival Borges participou nessa ter\u00e7a-feira (09\/04) de um dos maiores eventos pol\u00edticos da Am\u00e9rica Latina, onde esteve presente o Presidente Jair Bolsonaro, Ministros, deputados, senadores e mais de 5 mil participantes, entre prefeitos vereadores e secret\u00e1rios municipais de todo o Brasil. Estamos falando da XXII Marcha \u00e0 Brasilia em Defesa dos Munic\u00edpios do [&hellip;]<\/p>\n","protected":false},"author":7,"featured_media":21821,"comment_status":"open","ping_status":"open","sticky":false,"template":"","format":"standard","meta":{"footnotes":""},"categories":[45,1],"tags":[],"class_list":["post-21819","post","type-post","status-publish","format-standard","has-post-thumbnail","hentry","category-cidades","category-noticias"],"_links":{"self":[{"href":"https:\/\/www.maisbn.com\/portal\/wp-json\/wp\/v2\/posts\/21819","targetHints":{"allow":["GET"]}}],"collection":[{"href":"https:\/\/www.maisbn.com\/portal\/wp-json\/wp\/v2\/posts"}],"about":[{"href":"https:\/\/www.maisbn.com\/portal\/wp-json\/wp\/v2\/types\/post"}],"author":[{"embeddable":true,"href":"https:\/\/www.maisbn.com\/portal\/wp-json\/wp\/v2\/users\/7"}],"replies":[{"embeddable":true,"href":"https:\/\/www.maisbn.com\/portal\/wp-json\/wp\/v2\/comments?post=21819"}],"version-history":[{"count":2,"href":"https:\/\/www.maisbn.com\/portal\/wp-json\/wp\/v2\/posts\/21819\/revisions"}],"predecessor-version":[{"id":21824,"href":"https:\/\/www.maisbn.com\/portal\/wp-json\/wp\/v2\/posts\/21819\/revisions\/21824"}],"wp:featuredmedia":[{"embeddable":true,"href":"https:\/\/www.maisbn.com\/portal\/wp-json\/wp\/v2\/media\/21821"}],"wp:attachment":[{"href":"https:\/\/www.maisbn.com\/portal\/wp-json\/wp\/v2\/media?parent=21819"}],"wp:term":[{"taxonomy":"category","embeddable":true,"href":"https:\/\/www.maisbn.com\/portal\/wp-json\/wp\/v2\/categories?post=21819"},{"taxonomy":"post_tag","embeddable":true,"href":"https:\/\/www.maisbn.com\/portal\/wp-json\/wp\/v2\/tags?post=21819"}],"curies":[{"name":"wp","href":"https:\/\/api.w.org\/{rel}","templated":true}]}}