{"id":21816,"date":"2019-04-09T20:20:24","date_gmt":"2019-04-09T23:20:24","guid":{"rendered":"http:\/\/www.maisbn.com\/portal\/?p=21816"},"modified":"2019-04-09T20:22:20","modified_gmt":"2019-04-09T23:22:20","slug":"embasa-anuncia-interrompimento-do-abastecimento-de-agua-nessa-quarta-feira","status":"publish","type":"post","link":"https:\/\/www.maisbn.com\/portal\/2019\/04\/embasa-anuncia-interrompimento-do-abastecimento-de-agua-nessa-quarta-feira\/","title":{"rendered":"Embasa anuncia interrup\u00e7\u00e3o do abastecimento de \u00e1gua nessa quarta-feira."},"content":{"rendered":"<p><a href=\"http:\/\/www.maisbn.com\/portal\/wp-content\/uploads\/2019\/03\/Embasa_belmonte.jpg\"><img loading=\"lazy\" decoding=\"async\" class=\"aligncenter wp-image-21604\" src=\"http:\/\/www.maisbn.com\/portal\/wp-content\/uploads\/2019\/03\/Embasa_belmonte.jpg\" alt=\"Embasa_belmonte\" width=\"600\" height=\"454\" \/><\/a><\/p>\n<p>A ger\u00eancia da Empresa Baiana de Saneamento (EMBASA) em Belmonte informou em nota divulgada \u00e0 imprensa que nessa quarta-feira (10\/04) o fornecimento de \u00e1gua ser\u00e1 interrompido temporariamente na sede do munic\u00edpio para a manuten\u00e7\u00e3o dos equipamentos da capta\u00e7\u00e3o do Riacho da Concei\u00e7\u00e3o. O servi\u00e7o ser\u00e1 conclu\u00eddo \u00e0s 17:00Hrs e o abastecimento da cidade ser\u00e1 retomado gradativamente ap\u00f3s todo o sistema voltar ao funcionamento.<\/p>\n<p>Em conversa com nossa equipe, o gerente respons\u00e1vel pela unidade da EMBASA em Belmonte, Sr. Paulo, informou que os trabalhos basicamente consistem na instala\u00e7\u00e3o de sistemas de seguran\u00e7a para prevenir os efeitos das oscila\u00e7\u00f5es el\u00e9tricas nos equipamentos da empresa. O mesmo ainda informou que tamb\u00e9m ser\u00e3o trocados os atuais transformadores por outros mais potentes para manter os n\u00edveis de energia adequados para o bom funcionamento de todo o sistema.<\/p>\n<p>&nbsp;<\/p>\n","protected":false},"excerpt":{"rendered":"<p>A ger\u00eancia da Empresa Baiana de Saneamento (EMBASA) em Belmonte informou em nota divulgada \u00e0 imprensa que nessa quarta-feira (10\/04) o fornecimento de \u00e1gua ser\u00e1 interrompido temporariamente na sede do munic\u00edpio para a manuten\u00e7\u00e3o dos equipamentos da capta\u00e7\u00e3o do Riacho da Concei\u00e7\u00e3o. O servi\u00e7o ser\u00e1 conclu\u00eddo \u00e0s 17:00Hrs e o abastecimento da cidade ser\u00e1 retomado [&hellip;]<\/p>\n","protected":false},"author":7,"featured_media":21604,"comment_status":"open","ping_status":"open","sticky":false,"template":"","format":"standard","meta":{"footnotes":""},"categories":[45,1],"tags":[],"class_list":["post-21816","post","type-post","status-publish","format-standard","has-post-thumbnail","hentry","category-cidades","category-noticias"],"_links":{"self":[{"href":"https:\/\/www.maisbn.com\/portal\/wp-json\/wp\/v2\/posts\/21816","targetHints":{"allow":["GET"]}}],"collection":[{"href":"https:\/\/www.maisbn.com\/portal\/wp-json\/wp\/v2\/posts"}],"about":[{"href":"https:\/\/www.maisbn.com\/portal\/wp-json\/wp\/v2\/types\/post"}],"author":[{"embeddable":true,"href":"https:\/\/www.maisbn.com\/portal\/wp-json\/wp\/v2\/users\/7"}],"replies":[{"embeddable":true,"href":"https:\/\/www.maisbn.com\/portal\/wp-json\/wp\/v2\/comments?post=21816"}],"version-history":[{"count":2,"href":"https:\/\/www.maisbn.com\/portal\/wp-json\/wp\/v2\/posts\/21816\/revisions"}],"predecessor-version":[{"id":21818,"href":"https:\/\/www.maisbn.com\/portal\/wp-json\/wp\/v2\/posts\/21816\/revisions\/21818"}],"wp:featuredmedia":[{"embeddable":true,"href":"https:\/\/www.maisbn.com\/portal\/wp-json\/wp\/v2\/media\/21604"}],"wp:attachment":[{"href":"https:\/\/www.maisbn.com\/portal\/wp-json\/wp\/v2\/media?parent=21816"}],"wp:term":[{"taxonomy":"category","embeddable":true,"href":"https:\/\/www.maisbn.com\/portal\/wp-json\/wp\/v2\/categories?post=21816"},{"taxonomy":"post_tag","embeddable":true,"href":"https:\/\/www.maisbn.com\/portal\/wp-json\/wp\/v2\/tags?post=21816"}],"curies":[{"name":"wp","href":"https:\/\/api.w.org\/{rel}","templated":true}]}}