{"id":21793,"date":"2019-04-09T06:41:12","date_gmt":"2019-04-09T09:41:12","guid":{"rendered":"http:\/\/www.maisbn.com\/portal\/?p=21793"},"modified":"2019-04-09T06:41:12","modified_gmt":"2019-04-09T09:41:12","slug":"populacao-belmontense-lota-plenario-da-camara-para-acompanhar-apreciacao-de-projetos-de-lei","status":"publish","type":"post","link":"https:\/\/www.maisbn.com\/portal\/2019\/04\/populacao-belmontense-lota-plenario-da-camara-para-acompanhar-apreciacao-de-projetos-de-lei\/","title":{"rendered":"Popula\u00e7\u00e3o belmontense lota plen\u00e1rio da C\u00e2mara para acompanhar aprecia\u00e7\u00e3o de Projetos de Lei."},"content":{"rendered":"<p><a href=\"http:\/\/www.maisbn.com\/portal\/wp-content\/uploads\/2019\/04\/camara00001.jpg\"><img loading=\"lazy\" decoding=\"async\" class=\"aligncenter size-full wp-image-21794\" src=\"http:\/\/www.maisbn.com\/portal\/wp-content\/uploads\/2019\/04\/camara00001.jpg\" alt=\"camara00001\" width=\"642\" height=\"412\" \/><\/a><\/p>\n<p>Um grande n\u00famero de pessoas lotou o plen\u00e1rio da C\u00e2mara de Vereadores nessa segunda-feira (08\/04) para acompanhar os trabalhos dos legisladores belmontenses e os projetos a serem analisados pela casa. O fato que reinou nos primeiros depoimentos dos vereadores foi a quest\u00e3o da seguran\u00e7a p\u00fablica em Belmonte, ressaltando os \u00faltimos fatos ocorridos nos distritos de Santa Maria e Boca do C\u00f3rrego. Tamb\u00e9m foi pedido pelos vereadores uma maior aten\u00e7\u00e3o para o sistema de ilumina\u00e7\u00e3o do munic\u00edpio, principalmente nos distritos onde diversas l\u00e2mpadas queimadas facilitam a a\u00e7\u00e3o dos bandidos e dificultam a a\u00e7\u00e3o das for\u00e7as policiais.<\/p>\n<p>Outro momento tamb\u00e9m muito tumultuado durante a sess\u00e3o foi a discuss\u00e3o do Projeto de Lei 003\/2019 enviado pelo executivo para substituir o Projeto 018\/2018 que trata do processo de licita\u00e7\u00e3o do sistema de saneamento de Belmonte. Segundo o executivo, o Projeto 003\/2019 tinha como objetivo atualizar o processo de licita\u00e7\u00f5es e concess\u00f5es em Belmonte permitindo mais agilidade nas decis\u00f5es e mais qualidade nos padr\u00f5es dos servi\u00e7os p\u00fablicos que passar\u00e3o a ser regidos nos novos contratos a serem assinados. O Projeto foi analisado pela Comiss\u00e3o de Constitui\u00e7\u00e3o, Justi\u00e7a e Reda\u00e7\u00e3o da casa que rejeitou a proposta do executivo por problemas constitucionais na formula\u00e7\u00e3o da lei.<\/p>\n<p>Em conversa com nossa equipe, o Presidente da C\u00e2mara de Vereadores, Aelson Matos (Calango), informou que o parecer impediu que o citado Projeto de Lei fosse a plen\u00e1rio e que o fato foi comunicado ao executivo. <strong><em>&#8220;A Comiss\u00e3o entendeu que os itens contemplados no Projeto j\u00e1 constam em Legisla\u00e7\u00e3o Federal e n\u00e3o \u00e9 compet\u00eancia do munic\u00edpio tratar do fato. N\u00f3s j\u00e1 comunicamos ao Poder Executivo o resultado e cabe ao mesmo tomar as medidas que julgar necess\u00e1rias.&#8221;<\/em> <\/strong>&#8211; Finalizou o Presidente do Legislativo belmontense.<\/p>\n<p>&nbsp;<\/p>\n<p>&nbsp;<\/p>\n","protected":false},"excerpt":{"rendered":"<p>Um grande n\u00famero de pessoas lotou o plen\u00e1rio da C\u00e2mara de Vereadores nessa segunda-feira (08\/04) para acompanhar os trabalhos dos legisladores belmontenses e os projetos a serem analisados pela casa. O fato que reinou nos primeiros depoimentos dos vereadores foi a quest\u00e3o da seguran\u00e7a p\u00fablica em Belmonte, ressaltando os \u00faltimos fatos ocorridos nos distritos de [&hellip;]<\/p>\n","protected":false},"author":7,"featured_media":21794,"comment_status":"open","ping_status":"open","sticky":false,"template":"","format":"standard","meta":{"footnotes":""},"categories":[45,1],"tags":[],"class_list":["post-21793","post","type-post","status-publish","format-standard","has-post-thumbnail","hentry","category-cidades","category-noticias"],"_links":{"self":[{"href":"https:\/\/www.maisbn.com\/portal\/wp-json\/wp\/v2\/posts\/21793","targetHints":{"allow":["GET"]}}],"collection":[{"href":"https:\/\/www.maisbn.com\/portal\/wp-json\/wp\/v2\/posts"}],"about":[{"href":"https:\/\/www.maisbn.com\/portal\/wp-json\/wp\/v2\/types\/post"}],"author":[{"embeddable":true,"href":"https:\/\/www.maisbn.com\/portal\/wp-json\/wp\/v2\/users\/7"}],"replies":[{"embeddable":true,"href":"https:\/\/www.maisbn.com\/portal\/wp-json\/wp\/v2\/comments?post=21793"}],"version-history":[{"count":2,"href":"https:\/\/www.maisbn.com\/portal\/wp-json\/wp\/v2\/posts\/21793\/revisions"}],"predecessor-version":[{"id":21801,"href":"https:\/\/www.maisbn.com\/portal\/wp-json\/wp\/v2\/posts\/21793\/revisions\/21801"}],"wp:featuredmedia":[{"embeddable":true,"href":"https:\/\/www.maisbn.com\/portal\/wp-json\/wp\/v2\/media\/21794"}],"wp:attachment":[{"href":"https:\/\/www.maisbn.com\/portal\/wp-json\/wp\/v2\/media?parent=21793"}],"wp:term":[{"taxonomy":"category","embeddable":true,"href":"https:\/\/www.maisbn.com\/portal\/wp-json\/wp\/v2\/categories?post=21793"},{"taxonomy":"post_tag","embeddable":true,"href":"https:\/\/www.maisbn.com\/portal\/wp-json\/wp\/v2\/tags?post=21793"}],"curies":[{"name":"wp","href":"https:\/\/api.w.org\/{rel}","templated":true}]}}