{"id":21766,"date":"2019-04-06T20:54:53","date_gmt":"2019-04-06T23:54:53","guid":{"rendered":"http:\/\/www.maisbn.com\/portal\/?p=21766"},"modified":"2019-04-08T19:22:24","modified_gmt":"2019-04-08T22:22:24","slug":"cmcda-divulga-edital-do-processo-de-escolha-de-membros-do-conselho-tutelar-quadrienio-20202023","status":"publish","type":"post","link":"https:\/\/www.maisbn.com\/portal\/2019\/04\/cmcda-divulga-edital-do-processo-de-escolha-de-membros-do-conselho-tutelar-quadrienio-20202023\/","title":{"rendered":"CMCDA divulga edital do processo de escolha de membros do Conselho Tutelar Quadri\u00eanio 2020\/2023."},"content":{"rendered":"<p><a href=\"http:\/\/www.maisbn.com\/portal\/wp-content\/uploads\/2019\/04\/Arte-divulga\u00e7\u00e3o-do-Edital-do-CMDCA-2019-660x330-1.jpg\"><img loading=\"lazy\" decoding=\"async\" class=\"aligncenter wp-image-21767\" src=\"http:\/\/www.maisbn.com\/portal\/wp-content\/uploads\/2019\/04\/Arte-divulga\u00e7\u00e3o-do-Edital-do-CMDCA-2019-660x330-1.jpg\" alt=\"Arte-divulga\u00e7\u00e3o-do-Edital-do-CMDCA-2019-660x330-1\" width=\"600\" height=\"300\" srcset=\"https:\/\/www.maisbn.com\/portal\/wp-content\/uploads\/2019\/04\/Arte-divulga\u00e7\u00e3o-do-Edital-do-CMDCA-2019-660x330-1.jpg 660w, https:\/\/www.maisbn.com\/portal\/wp-content\/uploads\/2019\/04\/Arte-divulga\u00e7\u00e3o-do-Edital-do-CMDCA-2019-660x330-1-350x175.jpg 350w\" sizes=\"auto, (max-width: 600px) 100vw, 600px\" \/><\/a><\/p>\n<p>O Conselho Municipal dos Direitos da Crian\u00e7a e do Adolescente do Munic\u00edpio de Belmonte (CMCDA) publicou na manh\u00e3 desse s\u00e1bado (06\/04) o edital com a regras que ir\u00e3o conduzir o processo de escolha unificado dos novos Conselheiros Tutelares que atuar\u00e3o na sede do munic\u00edpio de Belmonte e no Distrito de Barrol\u00e2ndia para o quadri\u00eanio 2020\/2023.<\/p>\n<p>Uma Comiss\u00e3o Especial Eleitoral formada pelos membros do CMDCA ser\u00e1 respons\u00e1vel por organizar e fiscalizar todo o processo que escolher\u00e1 05 conselheiros para Belmonte e 05 conselheiros para Barrol\u00e2ndia. A remunera\u00e7\u00e3o dos novos Conselheiros Tutelares est\u00e1 fixada em 01 sal\u00e1rio m\u00ednimo mais 30% de vantagens. Se o escolhido for funcion\u00e1rio p\u00fablico, o mesmo ter\u00e1 que optar pela remunera\u00e7\u00e3o atual ou a do Conselho Tutelar e poder\u00e1 retornar para o seu cargo anterior assim que finalizar o mandato.<\/p>\n<p>As inscri\u00e7\u00f5es para concorrer ao cargo estar\u00e3o abertas a partir dessa segunda-feira (08\/04) e ser\u00e3o encerradas no dia (03\/05). Os interessados poder\u00e3o se dirigir \u00e0 Sede da Secretaria Municipal de Assist\u00eancia Social, localizada na Rua Quintino Bocaiuva em Belmonte no hor\u00e1rio das 08:00Hrs \u00e0s 14:00Hrs. No caso de Barrol\u00e2ndia, os pretensos candidatos devem se dirigir \u00e0 extens\u00e3o da mesma Secretaria localizada na Rua Rodovia Belmonte, N\u00ba 212, no hor\u00e1rio das 08:00Hrs \u00e0s 12:00 e das 14:00 \u00e0s 17:00Hrs. As inscri\u00e7\u00f5es somente ser\u00e3o feitas pessoalmente pelo interessado nos locais citados.<\/p>\n<p><strong>Clique na imagem abaixo para ter acesso ao edital na \u00edntegra:<\/strong><\/p>\n<p><a href=\"http:\/\/www.maisbn.com\/editalconselhotutelar.pdf\" target=\"_blank\"><img loading=\"lazy\" decoding=\"async\" class=\"size-full wp-image-21772 alignleft\" src=\"http:\/\/www.maisbn.com\/portal\/wp-content\/uploads\/2019\/04\/download.png\" alt=\"download\" width=\"197\" height=\"255\" \/><\/a><\/p>\n<p>&nbsp;<\/p>\n<p>&nbsp;<\/p>\n<p>&nbsp;<\/p>\n<p>&nbsp;<\/p>\n","protected":false},"excerpt":{"rendered":"<p>O Conselho Municipal dos Direitos da Crian\u00e7a e do Adolescente do Munic\u00edpio de Belmonte (CMCDA) publicou na manh\u00e3 desse s\u00e1bado (06\/04) o edital com a regras que ir\u00e3o conduzir o processo de escolha unificado dos novos Conselheiros Tutelares que atuar\u00e3o na sede do munic\u00edpio de Belmonte e no Distrito de Barrol\u00e2ndia para o quadri\u00eanio 2020\/2023. [&hellip;]<\/p>\n","protected":false},"author":7,"featured_media":21767,"comment_status":"open","ping_status":"open","sticky":false,"template":"","format":"standard","meta":{"footnotes":""},"categories":[45,1],"tags":[],"class_list":["post-21766","post","type-post","status-publish","format-standard","has-post-thumbnail","hentry","category-cidades","category-noticias"],"_links":{"self":[{"href":"https:\/\/www.maisbn.com\/portal\/wp-json\/wp\/v2\/posts\/21766","targetHints":{"allow":["GET"]}}],"collection":[{"href":"https:\/\/www.maisbn.com\/portal\/wp-json\/wp\/v2\/posts"}],"about":[{"href":"https:\/\/www.maisbn.com\/portal\/wp-json\/wp\/v2\/types\/post"}],"author":[{"embeddable":true,"href":"https:\/\/www.maisbn.com\/portal\/wp-json\/wp\/v2\/users\/7"}],"replies":[{"embeddable":true,"href":"https:\/\/www.maisbn.com\/portal\/wp-json\/wp\/v2\/comments?post=21766"}],"version-history":[{"count":5,"href":"https:\/\/www.maisbn.com\/portal\/wp-json\/wp\/v2\/posts\/21766\/revisions"}],"predecessor-version":[{"id":21789,"href":"https:\/\/www.maisbn.com\/portal\/wp-json\/wp\/v2\/posts\/21766\/revisions\/21789"}],"wp:featuredmedia":[{"embeddable":true,"href":"https:\/\/www.maisbn.com\/portal\/wp-json\/wp\/v2\/media\/21767"}],"wp:attachment":[{"href":"https:\/\/www.maisbn.com\/portal\/wp-json\/wp\/v2\/media?parent=21766"}],"wp:term":[{"taxonomy":"category","embeddable":true,"href":"https:\/\/www.maisbn.com\/portal\/wp-json\/wp\/v2\/categories?post=21766"},{"taxonomy":"post_tag","embeddable":true,"href":"https:\/\/www.maisbn.com\/portal\/wp-json\/wp\/v2\/tags?post=21766"}],"curies":[{"name":"wp","href":"https:\/\/api.w.org\/{rel}","templated":true}]}}