{"id":21758,"date":"2019-04-05T17:50:22","date_gmt":"2019-04-05T20:50:22","guid":{"rendered":"http:\/\/www.maisbn.com\/portal\/?p=21758"},"modified":"2019-04-05T17:50:22","modified_gmt":"2019-04-05T20:50:22","slug":"19-mil-alunos-estao-fora-das-salas-de-aula-em-eunapolis-por-causa-da-greve-dos-professores","status":"publish","type":"post","link":"https:\/\/www.maisbn.com\/portal\/2019\/04\/19-mil-alunos-estao-fora-das-salas-de-aula-em-eunapolis-por-causa-da-greve-dos-professores\/","title":{"rendered":"19 mil alunos est\u00e3o fora das salas de aula em Eun\u00e1polis por causa da Greve dos Professores."},"content":{"rendered":"<p><a href=\"http:\/\/www.maisbn.com\/portal\/wp-content\/uploads\/2019\/04\/155009137852540455-816888271991054-431107578559201280-n.jpg\"><img loading=\"lazy\" decoding=\"async\" class=\"aligncenter  wp-image-21759\" src=\"http:\/\/www.maisbn.com\/portal\/wp-content\/uploads\/2019\/04\/155009137852540455-816888271991054-431107578559201280-n.jpg\" alt=\"155009137852540455-816888271991054-431107578559201280-n\" width=\"600\" height=\"400\" \/><\/a><\/p>\n<p>Nessa sexta-feira (05\/04) completou 03 dias em que cerca de 19 mil alunos da rede municipal de Eun\u00e1polis est\u00e3o sem aula por causa da greve dos professores que n\u00e3o aceitam as mudan\u00e7as implementadas pela gest\u00e3o do Prefeito Rob\u00e9rio Oliveira. O motivo principal da queda de bra\u00e7o entre o gestor eunapolitano e a categoria \u00e9 o aumento da carga hor\u00e1ria de 13 para as 16 horas, onde diversas tentativas de negocia\u00e7\u00e3o n\u00e3o serviram para um acordo entre as partes envolvidas.<\/p>\n<p>A APLB-Sindicato, que representa os trabalhadores da educa\u00e7\u00e3o, ainda pede nas negocia\u00e7\u00f5es melhorias na estrutura das escolas municipais e denuncia a precariedade e os perigos que os pr\u00e9dios representam para os profissionais e os alunos atendidos pelas unidades. Na manh\u00e3 dessa sexta-feira (05\/04) diversos professores permaneceram acampados em frente ao gabinete do Prefeito que, at\u00e9 o momento, n\u00e3o manifestou vontade de restabelecer o di\u00e1logo com a categoria.<\/p>\n","protected":false},"excerpt":{"rendered":"<p>Nessa sexta-feira (05\/04) completou 03 dias em que cerca de 19 mil alunos da rede municipal de Eun\u00e1polis est\u00e3o sem aula por causa da greve dos professores que n\u00e3o aceitam as mudan\u00e7as implementadas pela gest\u00e3o do Prefeito Rob\u00e9rio Oliveira. O motivo principal da queda de bra\u00e7o entre o gestor eunapolitano e a categoria \u00e9 o [&hellip;]<\/p>\n","protected":false},"author":7,"featured_media":21759,"comment_status":"open","ping_status":"open","sticky":false,"template":"","format":"standard","meta":{"footnotes":""},"categories":[45,1],"tags":[],"class_list":["post-21758","post","type-post","status-publish","format-standard","has-post-thumbnail","hentry","category-cidades","category-noticias"],"_links":{"self":[{"href":"https:\/\/www.maisbn.com\/portal\/wp-json\/wp\/v2\/posts\/21758","targetHints":{"allow":["GET"]}}],"collection":[{"href":"https:\/\/www.maisbn.com\/portal\/wp-json\/wp\/v2\/posts"}],"about":[{"href":"https:\/\/www.maisbn.com\/portal\/wp-json\/wp\/v2\/types\/post"}],"author":[{"embeddable":true,"href":"https:\/\/www.maisbn.com\/portal\/wp-json\/wp\/v2\/users\/7"}],"replies":[{"embeddable":true,"href":"https:\/\/www.maisbn.com\/portal\/wp-json\/wp\/v2\/comments?post=21758"}],"version-history":[{"count":1,"href":"https:\/\/www.maisbn.com\/portal\/wp-json\/wp\/v2\/posts\/21758\/revisions"}],"predecessor-version":[{"id":21760,"href":"https:\/\/www.maisbn.com\/portal\/wp-json\/wp\/v2\/posts\/21758\/revisions\/21760"}],"wp:featuredmedia":[{"embeddable":true,"href":"https:\/\/www.maisbn.com\/portal\/wp-json\/wp\/v2\/media\/21759"}],"wp:attachment":[{"href":"https:\/\/www.maisbn.com\/portal\/wp-json\/wp\/v2\/media?parent=21758"}],"wp:term":[{"taxonomy":"category","embeddable":true,"href":"https:\/\/www.maisbn.com\/portal\/wp-json\/wp\/v2\/categories?post=21758"},{"taxonomy":"post_tag","embeddable":true,"href":"https:\/\/www.maisbn.com\/portal\/wp-json\/wp\/v2\/tags?post=21758"}],"curies":[{"name":"wp","href":"https:\/\/api.w.org\/{rel}","templated":true}]}}