{"id":21750,"date":"2019-04-05T16:54:58","date_gmt":"2019-04-05T19:54:58","guid":{"rendered":"http:\/\/www.maisbn.com\/portal\/?p=21750"},"modified":"2019-04-05T16:56:04","modified_gmt":"2019-04-05T19:56:04","slug":"mestre-malicia-representara-capoeira-belmontense-em-grande-evento-em-salvador","status":"publish","type":"post","link":"https:\/\/www.maisbn.com\/portal\/2019\/04\/mestre-malicia-representara-capoeira-belmontense-em-grande-evento-em-salvador\/","title":{"rendered":"Mestre Mal\u00edcia representar\u00e1 capoeira belmontense em grande realizado em Salvador."},"content":{"rendered":"<p>A capoeira belmontense ser\u00e1 representada no pr\u00f3ximo dia 21\/04 em um importante evento em Salvador denominado &#8220;Eu tamb\u00e9m canto Bahia&#8221;. O projeto, realizado pelo Professor Dainho Xequer\u00ea, tem como finalidade promover a valoriza\u00e7\u00e3o das cantigas de Capoeira da Bahia que contam a realidade de uma arte que conquistou o Brasil e tem na Bahia o seu maior expoente. Belmonte ser\u00e1 representada por Jodiel Ara\u00fajo, mais conhecido no mundo da capoeira por Mestre Mal\u00edcia.<\/p>\n<p><a href=\"http:\/\/www.maisbn.com\/portal\/wp-content\/uploads\/2019\/04\/WhatsApp-Image-2019-04-04-at-5.18.33-PM.jpeg\"><img loading=\"lazy\" decoding=\"async\" class=\"aligncenter wp-image-21751\" src=\"http:\/\/www.maisbn.com\/portal\/wp-content\/uploads\/2019\/04\/WhatsApp-Image-2019-04-04-at-5.18.33-PM-1000x563.jpeg\" alt=\"WhatsApp Image 2019-04-04 at 5.18.33 PM\" width=\"599\" height=\"337\" srcset=\"https:\/\/www.maisbn.com\/portal\/wp-content\/uploads\/2019\/04\/WhatsApp-Image-2019-04-04-at-5.18.33-PM-1000x563.jpeg 1000w, https:\/\/www.maisbn.com\/portal\/wp-content\/uploads\/2019\/04\/WhatsApp-Image-2019-04-04-at-5.18.33-PM.jpeg 1280w\" sizes=\"auto, (max-width: 599px) 100vw, 599px\" \/><\/a><\/p>\n<p>O evento acontecer\u00e1 na Pra\u00e7a Pedro Arcanjo, no Pelourinho, e ser\u00e1 iniciado por volta das 08:00Hrs, tendo em sua abertura o grupo percussivo de matriz africana M\u00e3os no Couro. Logo em seguida o p\u00fablico presente poder\u00e1 participar de uma roda de conversas com os mestres e cantores do projeto mediada pelos Mestres Duda e Patr\u00edcia. Tamb\u00e9m teremos a apresenta\u00e7\u00e3o da Orquestra de Berimbaus Afinados (OBADX), que mostrar\u00e1 ao p\u00fablico as diversas possibilidades r\u00edtmicas que podem ser executadas com o instrumento. A finaliza\u00e7\u00e3o da maratona de apresenta\u00e7\u00f5es ser\u00e1 marcada pela grava\u00e7\u00e3o de um cd ao vivo, onde o Mestre Mal\u00edcia ir\u00e1 participar juntamente com grandes nomes da capoeira baiana como Mestre Pel\u00e9 Bomba, Mestre Boca Rica, Mestre Lua Rasta, Mestre Boz\u00f3 Preto, Mestre J\u00e1 Morreu, Mestre Buguelo, Mestre Dandara, Mestre Nani de Jo\u00e3o Pequeno, Mestre Tonho Mat\u00e9ria, Merstre Brisa, Mestre Gaj\u00e9 e Mestre Boca do Mar\u00e9.<\/p>\n<p><a href=\"http:\/\/www.maisbn.com\/portal\/wp-content\/uploads\/2019\/04\/mosaico_mestremaliciaEucantoBahia.jpg\"><img loading=\"lazy\" decoding=\"async\" class=\"aligncenter wp-image-21752\" src=\"http:\/\/www.maisbn.com\/portal\/wp-content\/uploads\/2019\/04\/mosaico_mestremaliciaEucantoBahia.jpg\" alt=\"mosaico_mestremaliciaEucantoBahia\" width=\"600\" height=\"386\" \/><\/a><\/p>\n<p>Na atualidade o Mestre Mal\u00edcia \u00e9 considerado um importante nome da capoeira em todo o extremo sul baiano onde, por meio da Associa\u00e7\u00e3o de Capoeira Arte Bahia, completa 30 anos de servi\u00e7os filantr\u00f3picos prestados \u00e0 comunidade de Belmonte. Ainda falando de sua trajet\u00f3ria, em dezembro de 2017 Mal\u00edcia participou do Festival Paranau\u00ea onde competiu com os melhores cantadores de capoeira da Bahia e alcan\u00e7ou o pr\u00eamio de Vice-campe\u00e3o da competi\u00e7\u00e3o. Em Dezembro de 2018 o capoeirista belmontense gravou o seu primeiro CD profissional na WR St\u00fadio com a participa\u00e7\u00e3o especial do canto e tamb\u00e9m capoeirista Tonho Mat\u00e9ria. <strong><em>&#8220;Estou muito feliz em representar a nossa Belmonte e estar ao lado de grandes nome da capoeira baiana. Assim vou fazendo a minha hist\u00f3ria e mostrando as belezas e as riquezas culturais do nosso extremo sul baiano.&#8221;<\/em> <\/strong>&#8211; Comentou o Mestre Mal\u00edcia.<\/p>\n<p>&nbsp;<\/p>\n<p>&nbsp;<\/p>\n","protected":false},"excerpt":{"rendered":"<p>A capoeira belmontense ser\u00e1 representada no pr\u00f3ximo dia 21\/04 em um importante evento em Salvador denominado &#8220;Eu tamb\u00e9m canto Bahia&#8221;. O projeto, realizado pelo Professor Dainho Xequer\u00ea, tem como finalidade promover a valoriza\u00e7\u00e3o das cantigas de Capoeira da Bahia que contam a realidade de uma arte que conquistou o Brasil e tem na Bahia o [&hellip;]<\/p>\n","protected":false},"author":7,"featured_media":21751,"comment_status":"open","ping_status":"open","sticky":false,"template":"","format":"standard","meta":{"footnotes":""},"categories":[10,1],"tags":[],"class_list":["post-21750","post","type-post","status-publish","format-standard","has-post-thumbnail","hentry","category-esporte","category-noticias"],"_links":{"self":[{"href":"https:\/\/www.maisbn.com\/portal\/wp-json\/wp\/v2\/posts\/21750","targetHints":{"allow":["GET"]}}],"collection":[{"href":"https:\/\/www.maisbn.com\/portal\/wp-json\/wp\/v2\/posts"}],"about":[{"href":"https:\/\/www.maisbn.com\/portal\/wp-json\/wp\/v2\/types\/post"}],"author":[{"embeddable":true,"href":"https:\/\/www.maisbn.com\/portal\/wp-json\/wp\/v2\/users\/7"}],"replies":[{"embeddable":true,"href":"https:\/\/www.maisbn.com\/portal\/wp-json\/wp\/v2\/comments?post=21750"}],"version-history":[{"count":2,"href":"https:\/\/www.maisbn.com\/portal\/wp-json\/wp\/v2\/posts\/21750\/revisions"}],"predecessor-version":[{"id":21754,"href":"https:\/\/www.maisbn.com\/portal\/wp-json\/wp\/v2\/posts\/21750\/revisions\/21754"}],"wp:featuredmedia":[{"embeddable":true,"href":"https:\/\/www.maisbn.com\/portal\/wp-json\/wp\/v2\/media\/21751"}],"wp:attachment":[{"href":"https:\/\/www.maisbn.com\/portal\/wp-json\/wp\/v2\/media?parent=21750"}],"wp:term":[{"taxonomy":"category","embeddable":true,"href":"https:\/\/www.maisbn.com\/portal\/wp-json\/wp\/v2\/categories?post=21750"},{"taxonomy":"post_tag","embeddable":true,"href":"https:\/\/www.maisbn.com\/portal\/wp-json\/wp\/v2\/tags?post=21750"}],"curies":[{"name":"wp","href":"https:\/\/api.w.org\/{rel}","templated":true}]}}