{"id":21742,"date":"2019-04-03T17:53:35","date_gmt":"2019-04-03T20:53:35","guid":{"rendered":"http:\/\/www.maisbn.com\/portal\/?p=21742"},"modified":"2019-04-03T17:53:35","modified_gmt":"2019-04-03T20:53:35","slug":"gaviao-muito-raro-e-fotografado-em-rppn-no-sul-da-bahia","status":"publish","type":"post","link":"https:\/\/www.maisbn.com\/portal\/2019\/04\/gaviao-muito-raro-e-fotografado-em-rppn-no-sul-da-bahia\/","title":{"rendered":"Gavi\u00e3o muito raro \u00e9 fotografado em RPPN no Sul da Bahia"},"content":{"rendered":"<p>O observador de aves Ivo Tomich Marcos conseguiu fotografar um uira\u00e7u (<em>Morphnus guianensis)<\/em>, uma ave de rapina considerada muito rara. O registro foi feito na Reserva Particular do Patrim\u00f4nio Natural (RPPN) Esta\u00e7\u00e3o Veracel, em Porto Seguro, no in\u00edcio da manh\u00e3 do dia 19\/03. Este \u00e9 o segundo registro desta esp\u00e9cie de ave de rapina em uma \u00e1rea da Veracel Celulose. O outro ocorreu em 2012, em outra \u00c1rea de Alto Valor de Conserva\u00e7\u00e3o (AAVC) da empresa, no munic\u00edpio de Belmonte, tamb\u00e9m no Sul da Bahia.<\/p>\n<p>&nbsp;<\/p>\n<p><a href=\"http:\/\/www.maisbn.com\/portal\/wp-content\/uploads\/2019\/04\/Uira\u00e7u-Ivo-Tomich-Marcos-1.jpg\"><img loading=\"lazy\" decoding=\"async\" class=\"aligncenter wp-image-21743 size-medium\" src=\"http:\/\/www.maisbn.com\/portal\/wp-content\/uploads\/2019\/04\/Uira\u00e7u-Ivo-Tomich-Marcos-1-1000x573.jpg\" alt=\"Uira\u00e7u - Ivo Tomich Marcos 1\" width=\"1000\" height=\"573\" srcset=\"https:\/\/www.maisbn.com\/portal\/wp-content\/uploads\/2019\/04\/Uira\u00e7u-Ivo-Tomich-Marcos-1-1000x573.jpg 1000w, https:\/\/www.maisbn.com\/portal\/wp-content\/uploads\/2019\/04\/Uira\u00e7u-Ivo-Tomich-Marcos-1-1400x802.jpg 1400w\" sizes=\"auto, (max-width: 1000px) 100vw, 1000px\" \/><\/a><\/p>\n<p>Ivo \u00e9 observador de aves desde 2009 e j\u00e1 esteve na Esta\u00e7\u00e3o Veracel em outras ocasi\u00f5es. Essa foi a primeira vez que conseguiu o registro de uma ave t\u00e3o rara. \u201cAchei que era uma harpia, mas depois a equipe da RPPN esclareceu que era o uira\u00e7u. Foi fant\u00e1stico ver uma ave t\u00e3o grande e rara\u201d, comemorou o produtor rural. O uira\u00e7u pode medir de 81 a 91 cent\u00edmetros de comprimento.<\/p>\n<p>O uira\u00e7u \u00e9 muito parecido com a harpia (<em>Harpia harpyja<\/em>), conhecida como gavi\u00e3o-real, que j\u00e1 foi v\u00e1rias vezes fotografada na RPPN. No ano passado, dois ninhos com filhote de harpia foram descobertos na reserva, que possui uma \u00e1rea de 6.069 hectares.<\/p>\n<p>&nbsp;<\/p>\n<p><strong>5\u00ba REGISTRO EM 200 ANOS <\/strong>&#8211; Segundo o ornit\u00f3logo Luciano Lima, o uira\u00e7u \u00e9 uma das aves de rapina mais raras do Brasil, mais at\u00e9 que a harpia. De acordo com o site WikiAves &#8211; plataforma colaborativa de observadores de aves, esta esp\u00e9cie de gavi\u00e3o \u00e9 severamente amea\u00e7ada em v\u00e1rios estados no Brasil localizados na Mata Atl\u00e2ntica, sendo considerada \u201ccriticamente amea\u00e7ada\u201d (CR) em S\u00e3o Paulo e Santa Catarina e \u201cregionalmente extinta\u201d (RE) no Rio de Janeiro, Paran\u00e1 e Rio Grande do Sul.<\/p>\n<p>O registro do dia 19\/03 foi o 5\u00ba na Bahia nos \u00faltimos 200 anos. O primeiro foi reportado pelo naturalista e pr\u00edncipe Wied-Neuwied por volta de 1817. A esp\u00e9cie voltou a ser registrada em 1974, em Porto Seguro; e, em 1995 e 2012, em Belmonte.<\/p>\n<p>O uira\u00e7u depende de grandes extens\u00f5es de florestas preservadas para sobreviver. \u201cEstes dois registros recentes demonstram que pode haver uma popula\u00e7\u00e3o dessa esp\u00e9cie na regi\u00e3o, o que refor\u00e7a mais uma vez a import\u00e2ncia estrat\u00e9gica das unidades de conserva\u00e7\u00e3o que protegem as florestas de tabuleiro do sul da Bahia\u201d disse Lima.<\/p>\n<p><a href=\"http:\/\/www.maisbn.com\/portal\/wp-content\/uploads\/2019\/04\/Uira\u00e7u-Ivo-Tomich-Marcos-2.jpg\"><img loading=\"lazy\" decoding=\"async\" class=\"aligncenter wp-image-21744 size-medium\" src=\"http:\/\/www.maisbn.com\/portal\/wp-content\/uploads\/2019\/04\/Uira\u00e7u-Ivo-Tomich-Marcos-2-1000x723.jpg\" alt=\"Uira\u00e7u - Ivo Tomich Marcos 2\" width=\"1000\" height=\"723\" srcset=\"https:\/\/www.maisbn.com\/portal\/wp-content\/uploads\/2019\/04\/Uira\u00e7u-Ivo-Tomich-Marcos-2-1000x723.jpg 1000w, https:\/\/www.maisbn.com\/portal\/wp-content\/uploads\/2019\/04\/Uira\u00e7u-Ivo-Tomich-Marcos-2.jpg 1368w\" sizes=\"auto, (max-width: 1000px) 100vw, 1000px\" \/><\/a><\/p>\n<p><strong>CI\u00caNCIA CIDAD\u00c3 \u2013 <\/strong>Para o ornit\u00f3logo, o fato do registro ter sido feito por um observador de aves refor\u00e7a o papel fundamental dessa atividade para o monitoramento das esp\u00e9cies amea\u00e7adas no pa\u00eds.<\/p>\n<p>Em abril, foi iniciado o Observat\u00f3rio de Aves da RPPN Esta\u00e7\u00e3o Veracel. Ele visa estimular a pesquisa, desenvolver a ci\u00eancia cidad\u00e3 e a educa\u00e7\u00e3o ambiental, al\u00e9m de promover a conserva\u00e7\u00e3o do meio ambiente. \u201cO Observat\u00f3rio de Aves \u00e9 um importante instrumento para o engajamento de pessoas, promovendo o conhecimento sobre as aves da regi\u00e3o e ajudando tamb\u00e9m a despertar o interesse dos observadores de aves para o Sul da Bahia\u201d, conclui Lima.<\/p>\n<p>Al\u00e9m de pesquisas e monitoramento de aves, o observat\u00f3rio promover\u00e1 cursos, oficinas, festivais, dentre outras atividades com o tema aves.<\/p>\n<p>&nbsp;<\/p>\n<p><strong>OUTRO REGISTRO RARO<\/strong> &#8211; A visita de uma juriti-vermelha (Geotrygon violacea) na RPPN foi registrada por uma das c\u00e2meras de monitoramento de fauna da reserva, no m\u00eas de fevereiro. \u00a0De acordo com o WikiAves, s\u00f3 h\u00e1 mais um registro dessa esp\u00e9cie no Estado da Bahia, em maio de 2012, no munic\u00edpio de Belmonte, tamb\u00e9m em uma \u00e1rea da Veracel.<\/p>\n<p>A juriti-vermelha, tamb\u00e9m conhecida como juriti-da-mata, \u00e9 uma ave muito procurada pelos observadores de aves. O maior n\u00famero de aparecimentos da juriti-vermelha \u00e9 na Mata Atl\u00e2ntica, em fragmentos florestais bem preservados. Os poucos registros, principalmente na Bahia, colocam a ave na lista de esp\u00e9cie amea\u00e7adas de extin\u00e7\u00e3o.<\/p>\n<p>De comportamento arisco e solit\u00e1rio, a forma mais f\u00e1cil para ver a esp\u00e9cie \u00e9 seguir seu canto.<\/p>\n<p>&nbsp;<\/p>\n<p><strong>C\u00c2MERAS DE MONITORAMENTO \u2013 <\/strong>O monitoramento da fauna na RPPN Esta\u00e7\u00e3o Veracel \u00e9 feito por c\u00e2meras trap. O objetivo \u00e9 registrar imagens de animais silvestres, com m\u00ednima interfer\u00eancia na rotina deles. As c\u00e2meras possuem sensores de movimentos e temperaturas que s\u00e3o acionados com a presen\u00e7a dos animais. As imagens capturadas pela ferramenta comp\u00f5em um banco de dados sobre a popula\u00e7\u00e3o de animais silvestres que circulam pela reserva.<\/p>\n<p>S\u00f3 na \u00faltima campanha deste monitoramento, foram registradas cinco esp\u00e9cies de animais que ainda n\u00e3o haviam sido catalogadas na Esta\u00e7\u00e3o Veracel. S\u00e3o eles: irara (<em>Eira barbara<\/em>), gato-do-mato-pequeno (<em>Leopardus tigrinus<\/em>), m\u00e3o-pelada (<em>Procyon cancrivorus<\/em>), tapiti (<em>Sylvilagus brasiliensis<\/em>) e ouri\u00e7o-cacheiro (<em>Erinaceus europaeus<\/em>).<\/p>\n<p>&nbsp;<\/p>\n<p>&nbsp;<\/p>\n<p><strong>Mais informa\u00e7\u00f5es: <\/strong>Ag\u00eancia de Comunica\u00e7\u00e3o Vila\u00e7a \u2013 com Eduarda Toralles (73) 3261-2502<\/p>\n","protected":false},"excerpt":{"rendered":"<p>O observador de aves Ivo Tomich Marcos conseguiu fotografar um uira\u00e7u (Morphnus guianensis), uma ave de rapina considerada muito rara. O registro foi feito na Reserva Particular do Patrim\u00f4nio Natural (RPPN) Esta\u00e7\u00e3o Veracel, em Porto Seguro, no in\u00edcio da manh\u00e3 do dia 19\/03. Este \u00e9 o segundo registro desta esp\u00e9cie de ave de rapina em [&hellip;]<\/p>\n","protected":false},"author":1,"featured_media":21743,"comment_status":"open","ping_status":"open","sticky":false,"template":"","format":"standard","meta":{"footnotes":""},"categories":[33,1],"tags":[],"class_list":["post-21742","post","type-post","status-publish","format-standard","has-post-thumbnail","hentry","category-meio-ambiente","category-noticias"],"_links":{"self":[{"href":"https:\/\/www.maisbn.com\/portal\/wp-json\/wp\/v2\/posts\/21742","targetHints":{"allow":["GET"]}}],"collection":[{"href":"https:\/\/www.maisbn.com\/portal\/wp-json\/wp\/v2\/posts"}],"about":[{"href":"https:\/\/www.maisbn.com\/portal\/wp-json\/wp\/v2\/types\/post"}],"author":[{"embeddable":true,"href":"https:\/\/www.maisbn.com\/portal\/wp-json\/wp\/v2\/users\/1"}],"replies":[{"embeddable":true,"href":"https:\/\/www.maisbn.com\/portal\/wp-json\/wp\/v2\/comments?post=21742"}],"version-history":[{"count":1,"href":"https:\/\/www.maisbn.com\/portal\/wp-json\/wp\/v2\/posts\/21742\/revisions"}],"predecessor-version":[{"id":21745,"href":"https:\/\/www.maisbn.com\/portal\/wp-json\/wp\/v2\/posts\/21742\/revisions\/21745"}],"wp:featuredmedia":[{"embeddable":true,"href":"https:\/\/www.maisbn.com\/portal\/wp-json\/wp\/v2\/media\/21743"}],"wp:attachment":[{"href":"https:\/\/www.maisbn.com\/portal\/wp-json\/wp\/v2\/media?parent=21742"}],"wp:term":[{"taxonomy":"category","embeddable":true,"href":"https:\/\/www.maisbn.com\/portal\/wp-json\/wp\/v2\/categories?post=21742"},{"taxonomy":"post_tag","embeddable":true,"href":"https:\/\/www.maisbn.com\/portal\/wp-json\/wp\/v2\/tags?post=21742"}],"curies":[{"name":"wp","href":"https:\/\/api.w.org\/{rel}","templated":true}]}}