{"id":21722,"date":"2019-04-02T11:14:27","date_gmt":"2019-04-02T14:14:27","guid":{"rendered":"http:\/\/www.maisbn.com\/portal\/?p=21722"},"modified":"2019-04-02T11:17:16","modified_gmt":"2019-04-02T14:17:16","slug":"sem-recursos-embasa-adotara-parceria-publico-privada-para-atender-as-demandas-da-bahia","status":"publish","type":"post","link":"https:\/\/www.maisbn.com\/portal\/2019\/04\/sem-recursos-embasa-adotara-parceria-publico-privada-para-atender-as-demandas-da-bahia\/","title":{"rendered":"Sem recursos, Embasa adotar\u00e1 parceria-p\u00fablico-privada para atender \u00e0s demandas da Bahia."},"content":{"rendered":"<p>&nbsp;<\/p>\n<p><a href=\"http:\/\/www.maisbn.com\/portal\/wp-content\/uploads\/2019\/04\/embasa-1000x530.jpg\"><img loading=\"lazy\" decoding=\"async\" class=\"aligncenter wp-image-21723\" src=\"http:\/\/www.maisbn.com\/portal\/wp-content\/uploads\/2019\/04\/embasa-1000x530-1000x530.jpg\" alt=\"embasa-1000x530\" width=\"600\" height=\"318\" \/><\/a><\/p>\n<p>O governador da Bahia, Rui Costa (PT), afirmou, na manh\u00e3 desta segunda-feira (01\/04), que far\u00e1 Parceria P\u00fablico-Privada (PPP) para aumentar os investimentos na Embasa. O petista ainda anunciou nessa ter\u00e7a-feira (02\/04) que o novo presidente da empresa ser\u00e1 o engenheiro civil Cl\u00e1udio Villas Boas.\u00a0Nome de fora da \u00e1rea de gest\u00e3o em \u00e1gua e esgoto, Villas Boas ter\u00e1 como fun\u00e7\u00e3o aumentar a interlocu\u00e7\u00e3o da Embasa com o setor privado. O Governador confirmou que adotar\u00e1 Parceria P\u00fablico-Privada (PPP) para aumentar os investimentos na estatal. <strong><em>&#8220;N\u00f3s n\u00e3o temos recursos para infraestrutura. E isso vale para \u00e1rea de \u00e1gua e esgoto. N\u00e3o temos recurso p\u00fablico do governo federal para ajudar os munic\u00edpios a realizar \u00e1gua e esgoto. Ent\u00e3o, a Embasa vai ter que se virar sozinha, com recursos do governo do estado e recursos pr\u00f3prios. N\u00f3s queremos ampliar os investimentos atrav\u00e9s de parceria com iniciativa privada. Queremos uma pessoa que consiga fazer isso rapidamente&#8221;<\/em><\/strong>, declarou.<\/p>\n<p>O Sindicato dos Trabalhadores em \u00c1gua, Esgoto e Meio Ambiente da Bahia (Sindae) classificou como \u201cequ\u00edvoco\u201d o an\u00fancio do governador Rui Costa.\u00a0Em nota, o sindicato chamou a ideia de Rui de <em><strong>\u201cuma incompreens\u00edvel obsess\u00e3o por essa parceria privada\u201d<\/strong><\/em>.\u00a0O sindicato tamb\u00e9m defendeu que o contrato seja discutido com a sociedade antes de ser firmado: <strong><em>\u201cA Embasa lida com \u00e1gua, bem essencial \u00e0 vida, que n\u00e3o pode ser gerida na \u00f3tica de empres\u00e1rios \u00e1vidos por lucro.&#8221;\u00a0<\/em><\/strong>&#8211; Finalizou a entidade.<\/p>\n","protected":false},"excerpt":{"rendered":"<p>&nbsp; O governador da Bahia, Rui Costa (PT), afirmou, na manh\u00e3 desta segunda-feira (01\/04), que far\u00e1 Parceria P\u00fablico-Privada (PPP) para aumentar os investimentos na Embasa. O petista ainda anunciou nessa ter\u00e7a-feira (02\/04) que o novo presidente da empresa ser\u00e1 o engenheiro civil Cl\u00e1udio Villas Boas.\u00a0Nome de fora da \u00e1rea de gest\u00e3o em \u00e1gua e esgoto, [&hellip;]<\/p>\n","protected":false},"author":7,"featured_media":21723,"comment_status":"open","ping_status":"open","sticky":false,"template":"","format":"standard","meta":{"footnotes":""},"categories":[20,1],"tags":[],"class_list":["post-21722","post","type-post","status-publish","format-standard","has-post-thumbnail","hentry","category-bahia","category-noticias"],"_links":{"self":[{"href":"https:\/\/www.maisbn.com\/portal\/wp-json\/wp\/v2\/posts\/21722","targetHints":{"allow":["GET"]}}],"collection":[{"href":"https:\/\/www.maisbn.com\/portal\/wp-json\/wp\/v2\/posts"}],"about":[{"href":"https:\/\/www.maisbn.com\/portal\/wp-json\/wp\/v2\/types\/post"}],"author":[{"embeddable":true,"href":"https:\/\/www.maisbn.com\/portal\/wp-json\/wp\/v2\/users\/7"}],"replies":[{"embeddable":true,"href":"https:\/\/www.maisbn.com\/portal\/wp-json\/wp\/v2\/comments?post=21722"}],"version-history":[{"count":2,"href":"https:\/\/www.maisbn.com\/portal\/wp-json\/wp\/v2\/posts\/21722\/revisions"}],"predecessor-version":[{"id":21725,"href":"https:\/\/www.maisbn.com\/portal\/wp-json\/wp\/v2\/posts\/21722\/revisions\/21725"}],"wp:featuredmedia":[{"embeddable":true,"href":"https:\/\/www.maisbn.com\/portal\/wp-json\/wp\/v2\/media\/21723"}],"wp:attachment":[{"href":"https:\/\/www.maisbn.com\/portal\/wp-json\/wp\/v2\/media?parent=21722"}],"wp:term":[{"taxonomy":"category","embeddable":true,"href":"https:\/\/www.maisbn.com\/portal\/wp-json\/wp\/v2\/categories?post=21722"},{"taxonomy":"post_tag","embeddable":true,"href":"https:\/\/www.maisbn.com\/portal\/wp-json\/wp\/v2\/tags?post=21722"}],"curies":[{"name":"wp","href":"https:\/\/api.w.org\/{rel}","templated":true}]}}