{"id":21700,"date":"2019-04-01T17:03:51","date_gmt":"2019-04-01T20:03:51","guid":{"rendered":"http:\/\/www.maisbn.com\/portal\/?p=21700"},"modified":"2019-04-01T17:03:51","modified_gmt":"2019-04-01T20:03:51","slug":"remedios-em-todo-o-brasil-ficaram-mais-caros-a-partir-desse-domingo","status":"publish","type":"post","link":"https:\/\/www.maisbn.com\/portal\/2019\/04\/remedios-em-todo-o-brasil-ficaram-mais-caros-a-partir-desse-domingo\/","title":{"rendered":"Rem\u00e9dios em todo o Brasil ficaram mais caros a partir desse domingo."},"content":{"rendered":"<p><a href=\"http:\/\/www.maisbn.com\/portal\/wp-content\/uploads\/2019\/04\/medicamentos02.jpeg\"><img loading=\"lazy\" decoding=\"async\" class=\"size-full wp-image-21701\" src=\"http:\/\/www.maisbn.com\/portal\/wp-content\/uploads\/2019\/04\/medicamentos02.jpeg\" alt=\"S\u00c3O PAULO, SP, BRASIL, 18-02-2010, 16h00: Farm\u00e1cia da regi\u00e3o de Perdizes, em S\u00e3o Paulo (SP), muda os rem\u00e9dios de venda livre para a parte de tr\u00e1s do balc\u00e3o, conforme a lei. (Foto: Leticia Moreira\/COTIDIANO\/ SAUDE)\" width=\"620\" height=\"412\" \/><\/a><\/p>\n<p>O governo federal autorizou reajuste de at\u00e9 4,33% no pre\u00e7o dos rem\u00e9dios para 2019, j\u00e1 a partir deste domingo (31\/03). O aumento est\u00e1 publicado em edi\u00e7\u00e3o extraordin\u00e1ria do Di\u00e1rio Oficial da Uni\u00e3o (DOU) em decis\u00e3o da C\u00e2mara de Regula\u00e7\u00e3o do Mercado de Medicamentos (Cmed). <strong><em>&#8220;<\/em><em>As empresas produtoras de medicamentos poder\u00e3o ajustar os pre\u00e7os de seus medicamentos em 31 de mar\u00e7o de 2019, nos termos desta resolu\u00e7\u00e3o&#8221;<\/em><\/strong>, diz o ato.<\/p>\n<p>Diferentemente de anos anteriores, o reajuste em 2019 ser\u00e1 linear para todos os tipos de medicamentos. Este ano, o aumento ficar\u00e1 um pouco acima da infla\u00e7\u00e3o medida pelo \u00cdndice Nacional de Pre\u00e7os ao Consumidor Amplo (IPCA). No acumulado de mar\u00e7o do ano passado at\u00e9 fevereiro deste ano, esse \u00edndice foi de 3,89%. O Minist\u00e9rio da Sa\u00fade explica em nota que o porcentual n\u00e3o \u00e9 um aumento autom\u00e1tico nos pre\u00e7os, mas uma defini\u00e7\u00e3o de teto permitido de reajuste. Com isso, cada empresa pode optar por aplicar o \u00edndice total ou menor. <strong><em>&#8220;Ser\u00e1 uma corre\u00e7\u00e3o igualit\u00e1ria para os tr\u00eas grupos de insumos: os de maior concorr\u00eancia, concorr\u00eancia moderada e concentrada&#8221;<\/em><\/strong>, diz a pasta. De acordo com o minist\u00e9rio, mais de 12 mil apresenta\u00e7\u00f5es de medicamentos s\u00e3o comercializadas no Brasil.<\/p>\n<p><b>Monitoramento<\/b><\/p>\n<p>Outra resolu\u00e7\u00e3o da Cmed, tamb\u00e9m publicada no Di\u00e1rio Oficial extra, disp\u00f5e sobre o monitoramento e libera\u00e7\u00e3o de crit\u00e9rios para o estabelecimento ou ajuste de pre\u00e7os dos medicamentos isentos de prescri\u00e7\u00e3o m\u00e9dica, medicamentos fitoter\u00e1picos, produtos tradicionais fitoter\u00e1picos e anest\u00e9sicos locais injet\u00e1veis de uso odontol\u00f3gico. A norma <strong><em>&#8220;aplica-se a quaisquer pessoas f\u00edsicas ou jur\u00eddicas de direito p\u00fablico ou privado que atuem no mercado de medicamentos, dentre as quais, as empresas produtoras de medicamentos, representantes, distribuidoras de medicamentos e o varejo&#8221;.\u00a0<\/em><\/strong>Dentre outros pontos, a resolu\u00e7\u00e3o classifica em tr\u00eas grupos os medicamentos pass\u00edveis de monitoramento e libera\u00e7\u00e3o dos crit\u00e9rios de estabelecimento ou ajuste de pre\u00e7os.<\/p>\n<p>&nbsp;<\/p>\n","protected":false},"excerpt":{"rendered":"<p>O governo federal autorizou reajuste de at\u00e9 4,33% no pre\u00e7o dos rem\u00e9dios para 2019, j\u00e1 a partir deste domingo (31\/03). O aumento est\u00e1 publicado em edi\u00e7\u00e3o extraordin\u00e1ria do Di\u00e1rio Oficial da Uni\u00e3o (DOU) em decis\u00e3o da C\u00e2mara de Regula\u00e7\u00e3o do Mercado de Medicamentos (Cmed). &#8220;As empresas produtoras de medicamentos poder\u00e3o ajustar os pre\u00e7os de seus [&hellip;]<\/p>\n","protected":false},"author":7,"featured_media":21701,"comment_status":"open","ping_status":"open","sticky":false,"template":"","format":"standard","meta":{"footnotes":""},"categories":[1,28],"tags":[],"class_list":["post-21700","post","type-post","status-publish","format-standard","has-post-thumbnail","hentry","category-noticias","category-saude-noticias"],"_links":{"self":[{"href":"https:\/\/www.maisbn.com\/portal\/wp-json\/wp\/v2\/posts\/21700","targetHints":{"allow":["GET"]}}],"collection":[{"href":"https:\/\/www.maisbn.com\/portal\/wp-json\/wp\/v2\/posts"}],"about":[{"href":"https:\/\/www.maisbn.com\/portal\/wp-json\/wp\/v2\/types\/post"}],"author":[{"embeddable":true,"href":"https:\/\/www.maisbn.com\/portal\/wp-json\/wp\/v2\/users\/7"}],"replies":[{"embeddable":true,"href":"https:\/\/www.maisbn.com\/portal\/wp-json\/wp\/v2\/comments?post=21700"}],"version-history":[{"count":1,"href":"https:\/\/www.maisbn.com\/portal\/wp-json\/wp\/v2\/posts\/21700\/revisions"}],"predecessor-version":[{"id":21702,"href":"https:\/\/www.maisbn.com\/portal\/wp-json\/wp\/v2\/posts\/21700\/revisions\/21702"}],"wp:featuredmedia":[{"embeddable":true,"href":"https:\/\/www.maisbn.com\/portal\/wp-json\/wp\/v2\/media\/21701"}],"wp:attachment":[{"href":"https:\/\/www.maisbn.com\/portal\/wp-json\/wp\/v2\/media?parent=21700"}],"wp:term":[{"taxonomy":"category","embeddable":true,"href":"https:\/\/www.maisbn.com\/portal\/wp-json\/wp\/v2\/categories?post=21700"},{"taxonomy":"post_tag","embeddable":true,"href":"https:\/\/www.maisbn.com\/portal\/wp-json\/wp\/v2\/tags?post=21700"}],"curies":[{"name":"wp","href":"https:\/\/api.w.org\/{rel}","templated":true}]}}