{"id":21688,"date":"2019-03-30T14:52:26","date_gmt":"2019-03-30T17:52:26","guid":{"rendered":"http:\/\/www.maisbn.com\/portal\/?p=21688"},"modified":"2019-03-30T14:52:26","modified_gmt":"2019-03-30T17:52:26","slug":"professores-de-belmonte-recebem-formacao-para-a-educacao-no-campo","status":"publish","type":"post","link":"https:\/\/www.maisbn.com\/portal\/2019\/03\/professores-de-belmonte-recebem-formacao-para-a-educacao-no-campo\/","title":{"rendered":"Professores de Belmonte recebem forma\u00e7\u00e3o para a educa\u00e7\u00e3o no campo."},"content":{"rendered":"<p><a href=\"http:\/\/www.maisbn.com\/portal\/wp-content\/uploads\/2019\/03\/mosaico_capacitacaorural.jpg\"><img loading=\"lazy\" decoding=\"async\" class=\"aligncenter  wp-image-21691\" src=\"http:\/\/www.maisbn.com\/portal\/wp-content\/uploads\/2019\/03\/mosaico_capacitacaorural.jpg\" alt=\"mosaico_capacitacaorural\" width=\"600\" height=\"386\" \/><\/a><\/p>\n<p>Na \u00faltima quinta-feira (28\/03), atrav\u00e9s da parceria entre Secretaria Municipal de Educa\u00e7\u00e3o, Sindicato de Produtores Rurais e o Sistema FAEB\/SENAR, foi realizada a Forma\u00e7\u00e3o Municipal de professores do Programa Despertar com o objetivo de promover educa\u00e7\u00e3o voltada para a responsabilidade social, que alavanque mudan\u00e7a de valores, aliada a uma postura cidad\u00e3 e socioambiental.<\/p>\n<p><a href=\"http:\/\/www.maisbn.com\/portal\/wp-content\/uploads\/2019\/03\/mosaico_capacitacaorural2.jpg\"><img loading=\"lazy\" decoding=\"async\" class=\"aligncenter  wp-image-21692\" src=\"http:\/\/www.maisbn.com\/portal\/wp-content\/uploads\/2019\/03\/mosaico_capacitacaorural2.jpg\" alt=\"mosaico_capacitacaorural2\" width=\"600\" height=\"386\" \/><\/a><\/p>\n<p>A forma\u00e7\u00e3o aconteceu na C\u00e2mara Municipal de Vereadores e contou com a presen\u00e7a do Secret\u00e1rio Municipal de Educa\u00e7\u00e3o, o Sr. Rogerio da Silva Bahia, que deu as boas vindas aos professores, gestores e coordenadores da Educa\u00e7\u00e3o do Campo. A forma\u00e7\u00e3o tamb\u00e9m contou com a presen\u00e7a do Sr. Belmiro Monteiro de Jesus (Secret\u00e1rio Municipal de Agricultura e Pesca), o Sr. Ant\u00f4nio Jos\u00e9 Andrade Mello (representante do Sindicato de Produtores Rurais) e de convidados ligados \u00e0 educa\u00e7\u00e3o. A Forma\u00e7\u00e3o Municipal foi conduzida pelo orientador Renato Prado, onde o mesmo apresentou o tema do Programa para o ano de 2019, que ser\u00e1: <strong>\u201cPRODU\u00c7\u00c3O DE ALIMENTOS E SUSTENTABILIDADE NO CAMPO\u201d.<\/strong><\/p>\n<p><a href=\"http:\/\/www.maisbn.com\/portal\/wp-content\/uploads\/2019\/03\/mosaico_capacitacaorural3.jpg\"><img loading=\"lazy\" decoding=\"async\" class=\"aligncenter size-full wp-image-21693\" src=\"http:\/\/www.maisbn.com\/portal\/wp-content\/uploads\/2019\/03\/mosaico_capacitacaorural3.jpg\" alt=\"mosaico_capacitacaorural3\" width=\"600\" height=\"450\" \/><\/a><\/p>\n<p>Nesse dia foi apresentado o novo Coordenador Municipal do Programa Despertar, o Sr. Fernando Andrade, que ter\u00e1 o papel de coordenar todas as atividades voltadas para o programa nas escolas e suas respectivas comunidades.\u00a0 O orientador Renato Prado aproveitou esse momento para explicar aos professores e coordenadores todos os passos do Programa Despertar para esse ano, principalmente a primeira etapa que ser\u00e1 os DRSS (Diagn\u00f3stico da Realidade Socioambiental Sustent\u00e1vel), de forma pr\u00e1tica e objetiva para entendimento de todos os presentes. Esse diagn\u00f3stico servir\u00e1 para a constru\u00e7\u00e3o do Projeto Socioambiental que ser\u00e1 trabalhado em cada comunidade do campo, focando sempre nas potencialidades da comunidade.<\/p>\n","protected":false},"excerpt":{"rendered":"<p>Na \u00faltima quinta-feira (28\/03), atrav\u00e9s da parceria entre Secretaria Municipal de Educa\u00e7\u00e3o, Sindicato de Produtores Rurais e o Sistema FAEB\/SENAR, foi realizada a Forma\u00e7\u00e3o Municipal de professores do Programa Despertar com o objetivo de promover educa\u00e7\u00e3o voltada para a responsabilidade social, que alavanque mudan\u00e7a de valores, aliada a uma postura cidad\u00e3 e socioambiental. A forma\u00e7\u00e3o [&hellip;]<\/p>\n","protected":false},"author":7,"featured_media":21693,"comment_status":"open","ping_status":"open","sticky":false,"template":"","format":"standard","meta":{"footnotes":""},"categories":[8,1],"tags":[],"class_list":["post-21688","post","type-post","status-publish","format-standard","has-post-thumbnail","hentry","category-educacao","category-noticias"],"_links":{"self":[{"href":"https:\/\/www.maisbn.com\/portal\/wp-json\/wp\/v2\/posts\/21688","targetHints":{"allow":["GET"]}}],"collection":[{"href":"https:\/\/www.maisbn.com\/portal\/wp-json\/wp\/v2\/posts"}],"about":[{"href":"https:\/\/www.maisbn.com\/portal\/wp-json\/wp\/v2\/types\/post"}],"author":[{"embeddable":true,"href":"https:\/\/www.maisbn.com\/portal\/wp-json\/wp\/v2\/users\/7"}],"replies":[{"embeddable":true,"href":"https:\/\/www.maisbn.com\/portal\/wp-json\/wp\/v2\/comments?post=21688"}],"version-history":[{"count":3,"href":"https:\/\/www.maisbn.com\/portal\/wp-json\/wp\/v2\/posts\/21688\/revisions"}],"predecessor-version":[{"id":21694,"href":"https:\/\/www.maisbn.com\/portal\/wp-json\/wp\/v2\/posts\/21688\/revisions\/21694"}],"wp:featuredmedia":[{"embeddable":true,"href":"https:\/\/www.maisbn.com\/portal\/wp-json\/wp\/v2\/media\/21693"}],"wp:attachment":[{"href":"https:\/\/www.maisbn.com\/portal\/wp-json\/wp\/v2\/media?parent=21688"}],"wp:term":[{"taxonomy":"category","embeddable":true,"href":"https:\/\/www.maisbn.com\/portal\/wp-json\/wp\/v2\/categories?post=21688"},{"taxonomy":"post_tag","embeddable":true,"href":"https:\/\/www.maisbn.com\/portal\/wp-json\/wp\/v2\/tags?post=21688"}],"curies":[{"name":"wp","href":"https:\/\/api.w.org\/{rel}","templated":true}]}}