{"id":21680,"date":"2019-03-29T17:24:52","date_gmt":"2019-03-29T20:24:52","guid":{"rendered":"http:\/\/www.maisbn.com\/portal\/?p=21680"},"modified":"2019-03-29T17:24:52","modified_gmt":"2019-03-29T20:24:52","slug":"professores-de-eunapolis-ameacam-entrar-em-greve-na-proxima-semana","status":"publish","type":"post","link":"https:\/\/www.maisbn.com\/portal\/2019\/03\/professores-de-eunapolis-ameacam-entrar-em-greve-na-proxima-semana\/","title":{"rendered":"Professores de Eun\u00e1polis amea\u00e7am entrar em greve na pr\u00f3xima semana."},"content":{"rendered":"<p><a href=\"http:\/\/www.maisbn.com\/portal\/wp-content\/uploads\/2019\/03\/15498017821.jpg\"><img loading=\"lazy\" decoding=\"async\" class=\"aligncenter  wp-image-21681\" src=\"http:\/\/www.maisbn.com\/portal\/wp-content\/uploads\/2019\/03\/15498017821.jpg\" alt=\"15498017821\" width=\"600\" height=\"400\" \/><\/a><\/p>\n<p>Professores da rede municipal de Eun\u00e1polis decidiram em assembleia realizada na ultima quinta-feira (28\/03) entrar em greve por tempo indeterminado a partir da pr\u00f3xima quarta-feira (03\/04), caso n\u00e3o cheguem a um entendimento com a gest\u00e3o do Prefeito Rob\u00e9rio Oliveira.<\/p>\n<p>O principal motivo da disc\u00f3rdia entre a categoria e o gestor eunapolitano \u00e9 a quest\u00e3o do reordenamento da carga hor\u00e1ria da educa\u00e7\u00e3o que os professores n\u00e3o aceitam. Um grupo de trabalho foi formado para se debater o tema, mas, segundo a categoria, o prefeito de Eun\u00e1polis n\u00e3o demonstrou boa vontade para se chegar a um consenso sobre o tema. A categoria ainda reclama da falta de profissionais e problemas de estrutura em algumas escolas que ainda n\u00e3o foram resolvidos. A diretoria da APLB informou que j\u00e1 houve uma reuni\u00e3o com o chefe de gabinete da Prefeitura de Eun\u00e1polis para tratar da situa\u00e7\u00e3o, mas, apesar da longa conversa, as negocia\u00e7\u00f5es n\u00e3o evolu\u00edram e o indicativo de greve continua valendo para a categoria.<\/p>\n","protected":false},"excerpt":{"rendered":"<p>Professores da rede municipal de Eun\u00e1polis decidiram em assembleia realizada na ultima quinta-feira (28\/03) entrar em greve por tempo indeterminado a partir da pr\u00f3xima quarta-feira (03\/04), caso n\u00e3o cheguem a um entendimento com a gest\u00e3o do Prefeito Rob\u00e9rio Oliveira. O principal motivo da disc\u00f3rdia entre a categoria e o gestor eunapolitano \u00e9 a quest\u00e3o do [&hellip;]<\/p>\n","protected":false},"author":7,"featured_media":21681,"comment_status":"open","ping_status":"open","sticky":false,"template":"","format":"standard","meta":{"footnotes":""},"categories":[8,1],"tags":[],"class_list":["post-21680","post","type-post","status-publish","format-standard","has-post-thumbnail","hentry","category-educacao","category-noticias"],"_links":{"self":[{"href":"https:\/\/www.maisbn.com\/portal\/wp-json\/wp\/v2\/posts\/21680","targetHints":{"allow":["GET"]}}],"collection":[{"href":"https:\/\/www.maisbn.com\/portal\/wp-json\/wp\/v2\/posts"}],"about":[{"href":"https:\/\/www.maisbn.com\/portal\/wp-json\/wp\/v2\/types\/post"}],"author":[{"embeddable":true,"href":"https:\/\/www.maisbn.com\/portal\/wp-json\/wp\/v2\/users\/7"}],"replies":[{"embeddable":true,"href":"https:\/\/www.maisbn.com\/portal\/wp-json\/wp\/v2\/comments?post=21680"}],"version-history":[{"count":1,"href":"https:\/\/www.maisbn.com\/portal\/wp-json\/wp\/v2\/posts\/21680\/revisions"}],"predecessor-version":[{"id":21682,"href":"https:\/\/www.maisbn.com\/portal\/wp-json\/wp\/v2\/posts\/21680\/revisions\/21682"}],"wp:featuredmedia":[{"embeddable":true,"href":"https:\/\/www.maisbn.com\/portal\/wp-json\/wp\/v2\/media\/21681"}],"wp:attachment":[{"href":"https:\/\/www.maisbn.com\/portal\/wp-json\/wp\/v2\/media?parent=21680"}],"wp:term":[{"taxonomy":"category","embeddable":true,"href":"https:\/\/www.maisbn.com\/portal\/wp-json\/wp\/v2\/categories?post=21680"},{"taxonomy":"post_tag","embeddable":true,"href":"https:\/\/www.maisbn.com\/portal\/wp-json\/wp\/v2\/tags?post=21680"}],"curies":[{"name":"wp","href":"https:\/\/api.w.org\/{rel}","templated":true}]}}