{"id":21678,"date":"2019-03-29T15:39:37","date_gmt":"2019-03-29T18:39:37","guid":{"rendered":"http:\/\/www.maisbn.com\/portal\/?p=21678"},"modified":"2019-03-29T15:39:37","modified_gmt":"2019-03-29T18:39:37","slug":"problema-nos-equipamentos-da-embasa-interrompe-abastecimento-de-agua-em-belmonte","status":"publish","type":"post","link":"https:\/\/www.maisbn.com\/portal\/2019\/03\/problema-nos-equipamentos-da-embasa-interrompe-abastecimento-de-agua-em-belmonte\/","title":{"rendered":"Problema nos equipamentos da EMBASA interrompe abastecimento de \u00e1gua em Belmonte."},"content":{"rendered":"<p><a href=\"http:\/\/www.maisbn.com\/portal\/wp-content\/uploads\/2019\/03\/Embasa_belmonte.jpg\"><img loading=\"lazy\" decoding=\"async\" class=\"aligncenter size-full wp-image-21604\" src=\"http:\/\/www.maisbn.com\/portal\/wp-content\/uploads\/2019\/03\/Embasa_belmonte.jpg\" alt=\"Embasa_belmonte\" width=\"681\" height=\"515\" \/><\/a><\/p>\n<p>O abastecimento de \u00e1gua da sede do munic\u00edpio de Belmonte est\u00e1 interrompido desde a manh\u00e3 dessa sexta-feira (29\/03). Segundo informa\u00e7\u00f5es da ger\u00eancia da EMBASA, o problema foi causado pela quebra dos equipamentos eletromec\u00e2nicos da capacita\u00e7\u00e3o do Riacho da Concei\u00e7\u00e3o que alimenta todo o sistema de tratamento e abastecimento de \u00e1gua da cidade.<\/p>\n<p>Segundo a EMBASA, t\u00e9cnicos da empresa j\u00e1 iniciaram as manuten\u00e7\u00f5es necess\u00e1rias e a previs\u00e3o de finaliza\u00e7\u00e3o do servi\u00e7o \u00e9 para a manh\u00e3 desse s\u00e1bado (30\/03), quando o abastecimento come\u00e7ar\u00e1 a ser retomado de forma gradativa, com previs\u00e3o de regulariza\u00e7\u00e3o total em at\u00e9 48 horas ap\u00f3s a volta do funcionamento dos equipamentos. A EMBASA finalizou afirmando que o problema n\u00e3o afetar\u00e1 os im\u00f3veis que tem reservat\u00f3rios domiciliares com capacidade de atender a demanda di\u00e1ria de seus moradores.<\/p>\n<p>Nossa equipe conversou com Gerente da EMBASA em Belmonte, Sr. Paulo, que lamentou o incidente e afirmou que todas a equipe de manuten\u00e7\u00e3o da empresa est\u00e1 concentrada na regulariza\u00e7\u00e3o do problema. <em><strong>&#8220;Estamos trabalhando contra o tempo e nos esfor\u00e7ando ao m\u00e1ximo para retomar o servi\u00e7o de abastecimento de \u00e1gua o mais r\u00e1pido poss\u00edvel. S\u00f3 pedimos \u00e0 popula\u00e7\u00e3o para evitar gastos excessivos de \u00e1gua at\u00e9 a regulariza\u00e7\u00e3o do problema.&#8221;<\/strong> <\/em>&#8211; Finalizou o gerente.<\/p>\n","protected":false},"excerpt":{"rendered":"<p>O abastecimento de \u00e1gua da sede do munic\u00edpio de Belmonte est\u00e1 interrompido desde a manh\u00e3 dessa sexta-feira (29\/03). Segundo informa\u00e7\u00f5es da ger\u00eancia da EMBASA, o problema foi causado pela quebra dos equipamentos eletromec\u00e2nicos da capacita\u00e7\u00e3o do Riacho da Concei\u00e7\u00e3o que alimenta todo o sistema de tratamento e abastecimento de \u00e1gua da cidade. Segundo a EMBASA, [&hellip;]<\/p>\n","protected":false},"author":7,"featured_media":21604,"comment_status":"open","ping_status":"open","sticky":false,"template":"","format":"standard","meta":{"footnotes":""},"categories":[45,1],"tags":[],"class_list":["post-21678","post","type-post","status-publish","format-standard","has-post-thumbnail","hentry","category-cidades","category-noticias"],"_links":{"self":[{"href":"https:\/\/www.maisbn.com\/portal\/wp-json\/wp\/v2\/posts\/21678","targetHints":{"allow":["GET"]}}],"collection":[{"href":"https:\/\/www.maisbn.com\/portal\/wp-json\/wp\/v2\/posts"}],"about":[{"href":"https:\/\/www.maisbn.com\/portal\/wp-json\/wp\/v2\/types\/post"}],"author":[{"embeddable":true,"href":"https:\/\/www.maisbn.com\/portal\/wp-json\/wp\/v2\/users\/7"}],"replies":[{"embeddable":true,"href":"https:\/\/www.maisbn.com\/portal\/wp-json\/wp\/v2\/comments?post=21678"}],"version-history":[{"count":1,"href":"https:\/\/www.maisbn.com\/portal\/wp-json\/wp\/v2\/posts\/21678\/revisions"}],"predecessor-version":[{"id":21679,"href":"https:\/\/www.maisbn.com\/portal\/wp-json\/wp\/v2\/posts\/21678\/revisions\/21679"}],"wp:featuredmedia":[{"embeddable":true,"href":"https:\/\/www.maisbn.com\/portal\/wp-json\/wp\/v2\/media\/21604"}],"wp:attachment":[{"href":"https:\/\/www.maisbn.com\/portal\/wp-json\/wp\/v2\/media?parent=21678"}],"wp:term":[{"taxonomy":"category","embeddable":true,"href":"https:\/\/www.maisbn.com\/portal\/wp-json\/wp\/v2\/categories?post=21678"},{"taxonomy":"post_tag","embeddable":true,"href":"https:\/\/www.maisbn.com\/portal\/wp-json\/wp\/v2\/tags?post=21678"}],"curies":[{"name":"wp","href":"https:\/\/api.w.org\/{rel}","templated":true}]}}