{"id":21664,"date":"2019-03-27T21:37:56","date_gmt":"2019-03-28T00:37:56","guid":{"rendered":"http:\/\/www.maisbn.com\/portal\/?p=21664"},"modified":"2019-03-27T21:49:20","modified_gmt":"2019-03-28T00:49:20","slug":"belmonte-tera-nova-sede-da-policia-militar-e-recebera-aumento-no-efetivo-de-servico","status":"publish","type":"post","link":"https:\/\/www.maisbn.com\/portal\/2019\/03\/belmonte-tera-nova-sede-da-policia-militar-e-recebera-aumento-no-efetivo-de-servico\/","title":{"rendered":"Belmonte ter\u00e1 nova sede da Policia Militar e receber\u00e1 aumento no efetivo de servi\u00e7o."},"content":{"rendered":"<p><a href=\"http:\/\/www.maisbn.com\/portal\/wp-content\/uploads\/2019\/03\/WhatsApp-Image-2019-03-27-at-3.02.21-PM.jpeg\"><img loading=\"lazy\" decoding=\"async\" class=\"aligncenter wp-image-21666\" src=\"http:\/\/www.maisbn.com\/portal\/wp-content\/uploads\/2019\/03\/WhatsApp-Image-2019-03-27-at-3.02.21-PM-1000x486.jpeg\" alt=\"WhatsApp Image 2019-03-27 at 3.02.21 PM\" width=\"601\" height=\"292\" srcset=\"https:\/\/www.maisbn.com\/portal\/wp-content\/uploads\/2019\/03\/WhatsApp-Image-2019-03-27-at-3.02.21-PM-1000x486.jpeg 1000w, https:\/\/www.maisbn.com\/portal\/wp-content\/uploads\/2019\/03\/WhatsApp-Image-2019-03-27-at-3.02.21-PM.jpeg 1280w\" sizes=\"auto, (max-width: 601px) 100vw, 601px\" \/><\/a><\/p>\n<p>Na manh\u00e3 dessa quarta-feira (27\/03) aconteceu uma reuni\u00e3o na sede do 8\u00ba Batalh\u00e3o de Pol\u00edcia Militar em Porto Seguro (8\u00baBPM) entre o comandante da unidade, Major Anacleto Fran\u00e7a, e o Vereador Alfredo Aberceb para se discutir a implementa\u00e7\u00e3o de melhorias no policiamento. Temas como o aumento do efetivo da Pol\u00edcia Militar na cidade, a possibilidade da viatura que faz o policiamento nos distritos da orla norte de Santa Cruz Cabr\u00e1lia estender as rondas at\u00e9 Mogiqui\u00e7aba e a constru\u00e7\u00e3o da nova sede da Pol\u00edcia Militar em Belmonte foram os mais discutidos durante a conversa. O Vereador informou que ficou animado com as novidades e a que ele mais ressaltou foi a promessa do comandante do Batalh\u00e3o de dois novos policiais e duas motos para serem usados no policiamento. Outra grande novidade tamb\u00e9m foi a parceria entre o munic\u00edpio e a Pol\u00edcia Militar, onde a Prefeitura de Belmonte fornecer\u00e1 o terreno e a projeto e o Batalh\u00e3o custear\u00e1 a m\u00e3o-de-obra e o material de constru\u00e7\u00e3o.<\/p>\n<div id=\"attachment_21668\" style=\"width: 504px\" class=\"wp-caption aligncenter\"><a href=\"http:\/\/www.maisbn.com\/portal\/wp-content\/uploads\/2019\/03\/WhatsApp-Image-2019-03-27-at-8.49.26-PM.jpeg\"><img loading=\"lazy\" decoding=\"async\" aria-describedby=\"caption-attachment-21668\" class=\"wp-image-21668\" src=\"http:\/\/www.maisbn.com\/portal\/wp-content\/uploads\/2019\/03\/WhatsApp-Image-2019-03-27-at-8.49.26-PM-1000x900.jpeg\" alt=\"WhatsApp Image 2019-03-27 at 8.49.26 PM\" width=\"494\" height=\"444\" srcset=\"https:\/\/www.maisbn.com\/portal\/wp-content\/uploads\/2019\/03\/WhatsApp-Image-2019-03-27-at-8.49.26-PM-1000x900.jpeg 1000w, https:\/\/www.maisbn.com\/portal\/wp-content\/uploads\/2019\/03\/WhatsApp-Image-2019-03-27-at-8.49.26-PM-1111x1000.jpeg 1111w, https:\/\/www.maisbn.com\/portal\/wp-content\/uploads\/2019\/03\/WhatsApp-Image-2019-03-27-at-8.49.26-PM.jpeg 1280w\" sizes=\"auto, (max-width: 494px) 100vw, 494px\" \/><\/a><p id=\"caption-attachment-21668\" class=\"wp-caption-text\">Reuni\u00e3o entre o Prefeito Janival Borges e o comandante do 8\u00baBPM, Major Fran\u00e7a, realizada em Mar\u00e7o do ano passado para discutir aumento do efetivo policial em Belmonte.<\/p><\/div>\n<p>Em conversa com nossa equipe, o Prefeito Janival Borges elogiou a disposi\u00e7\u00e3o do Vereador Alfredo em ajudar e ressaltou que a vinda dos novos policiais e as motocicletas mencionadas foram conquistas de uma reuni\u00e3o realizada em mar\u00e7o do ano passado quando o gestor belmontense visitou a sede do 8\u00baBPM em Porto Seguro. Janival ainda informou que o projeto da nova sede da Pol\u00edcia Militar j\u00e1 foi entregue ao Capit\u00e3o Neri, comandante do policiamento em Belmonte, com as adequa\u00e7\u00f5es pedidas pelo comando da corpora\u00e7\u00e3o.<\/p>\n<div id=\"attachment_21667\" style=\"width: 473px\" class=\"wp-caption aligncenter\"><a href=\"http:\/\/www.maisbn.com\/portal\/wp-content\/uploads\/2019\/03\/WhatsApp-Image-2019-03-27-at-5.07.13-PM.jpeg\"><img loading=\"lazy\" decoding=\"async\" aria-describedby=\"caption-attachment-21667\" class=\"wp-image-21667\" src=\"http:\/\/www.maisbn.com\/portal\/wp-content\/uploads\/2019\/03\/WhatsApp-Image-2019-03-27-at-5.07.13-PM.jpeg\" alt=\"WhatsApp Image 2019-03-27 at 5.07.13 PM\" width=\"463\" height=\"618\" \/><\/a><p id=\"caption-attachment-21667\" class=\"wp-caption-text\">Of\u00edcio do Prefeito Janival Borges ao Deputado J\u00e2nio Natal pedindo aux\u00edlio na busca por melhorias no policiamento em Belmonte.<\/p><\/div>\n<p>O gestor ainda comentou que o terreno que ser\u00e1 doado pela Prefeitura est\u00e1 em processo final de documenta\u00e7\u00e3o e que m\u00e1quinas do munic\u00edpio est\u00e3o preparando o local para o in\u00edcio das obras. <em><strong>&#8220;Eu estou em Salvador e participarei de uma audi\u00eancia com o Comandante Geral da Pol\u00edcia Militar, juntamente com o Deputado J\u00e2nio Natal, no intuito de conseguir um n\u00famero maior de novos policiais do que os j\u00e1 disponibilizados pelo Major Fran\u00e7a. O Deputado tamb\u00e9m estar\u00e1 pleiteando viaturas novas para Belmonte, bem como, novos equipamentos para o policiamento ostensivo de nossa cidade. Nosso objetivo \u00e9 busca ao m\u00e1ximo investimentos para seguran\u00e7a do nosso povo.&#8221;<\/strong><\/em>&#8211; Finalizou o Prefeito.<\/p>\n<p>&nbsp;<\/p>\n","protected":false},"excerpt":{"rendered":"<p>Na manh\u00e3 dessa quarta-feira (27\/03) aconteceu uma reuni\u00e3o na sede do 8\u00ba Batalh\u00e3o de Pol\u00edcia Militar em Porto Seguro (8\u00baBPM) entre o comandante da unidade, Major Anacleto Fran\u00e7a, e o Vereador Alfredo Aberceb para se discutir a implementa\u00e7\u00e3o de melhorias no policiamento. Temas como o aumento do efetivo da Pol\u00edcia Militar na cidade, a possibilidade [&hellip;]<\/p>\n","protected":false},"author":7,"featured_media":21666,"comment_status":"open","ping_status":"open","sticky":false,"template":"","format":"standard","meta":{"footnotes":""},"categories":[1,16],"tags":[],"class_list":["post-21664","post","type-post","status-publish","format-standard","has-post-thumbnail","hentry","category-noticias","category-policial"],"_links":{"self":[{"href":"https:\/\/www.maisbn.com\/portal\/wp-json\/wp\/v2\/posts\/21664","targetHints":{"allow":["GET"]}}],"collection":[{"href":"https:\/\/www.maisbn.com\/portal\/wp-json\/wp\/v2\/posts"}],"about":[{"href":"https:\/\/www.maisbn.com\/portal\/wp-json\/wp\/v2\/types\/post"}],"author":[{"embeddable":true,"href":"https:\/\/www.maisbn.com\/portal\/wp-json\/wp\/v2\/users\/7"}],"replies":[{"embeddable":true,"href":"https:\/\/www.maisbn.com\/portal\/wp-json\/wp\/v2\/comments?post=21664"}],"version-history":[{"count":8,"href":"https:\/\/www.maisbn.com\/portal\/wp-json\/wp\/v2\/posts\/21664\/revisions"}],"predecessor-version":[{"id":21676,"href":"https:\/\/www.maisbn.com\/portal\/wp-json\/wp\/v2\/posts\/21664\/revisions\/21676"}],"wp:featuredmedia":[{"embeddable":true,"href":"https:\/\/www.maisbn.com\/portal\/wp-json\/wp\/v2\/media\/21666"}],"wp:attachment":[{"href":"https:\/\/www.maisbn.com\/portal\/wp-json\/wp\/v2\/media?parent=21664"}],"wp:term":[{"taxonomy":"category","embeddable":true,"href":"https:\/\/www.maisbn.com\/portal\/wp-json\/wp\/v2\/categories?post=21664"},{"taxonomy":"post_tag","embeddable":true,"href":"https:\/\/www.maisbn.com\/portal\/wp-json\/wp\/v2\/tags?post=21664"}],"curies":[{"name":"wp","href":"https:\/\/api.w.org\/{rel}","templated":true}]}}