{"id":21653,"date":"2019-03-26T18:49:10","date_gmt":"2019-03-26T21:49:10","guid":{"rendered":"http:\/\/www.maisbn.com\/portal\/?p=21653"},"modified":"2019-03-26T18:49:10","modified_gmt":"2019-03-26T21:49:10","slug":"ex-secretario-e-agora-vereador-turista-assume-as-suas-funcoes-no-legislativo-belmontense","status":"publish","type":"post","link":"https:\/\/www.maisbn.com\/portal\/2019\/03\/ex-secretario-e-agora-vereador-turista-assume-as-suas-funcoes-no-legislativo-belmontense\/","title":{"rendered":"Ex-secret\u00e1rio e agora Vereador Turista assume as suas fun\u00e7\u00f5es no legislativo belmontense."},"content":{"rendered":"<p><a href=\"http:\/\/www.maisbn.com\/portal\/wp-content\/uploads\/2019\/03\/Posse_turista00004.jpg\"><img loading=\"lazy\" decoding=\"async\" class=\"aligncenter  wp-image-21656\" src=\"http:\/\/www.maisbn.com\/portal\/wp-content\/uploads\/2019\/03\/Posse_turista00004.jpg\" alt=\"Posse_turista00004\" width=\"600\" height=\"385\" \/><\/a><\/p>\n<p>O ex-Secret\u00e1rio de Administra\u00e7\u00e3o e agora Vereador Orlando Valter (Turista) foi reconduzido novamente ao cargo de Vereador na manh\u00e3 dessa ter\u00e7a-feira (26\/03) para ocupar a vaga do Vereador Rog\u00e9rio Bahia que se licenciou do cargo para assumir a Secretaria Municipal de Educa\u00e7\u00e3o. Turista foi recebido no gabinete do Presidente da C\u00e2mara de Vereadores, Aelson Matos (Calango), onde, na presen\u00e7a de servidores da casa legislativa e da Vereadora e amiga Nalva, assinou o termo de posse.<\/p>\n<p><a href=\"http:\/\/www.maisbn.com\/portal\/wp-content\/uploads\/2019\/03\/Posse_turista00005.jpg\"><img loading=\"lazy\" decoding=\"async\" class=\"aligncenter  wp-image-21654\" src=\"http:\/\/www.maisbn.com\/portal\/wp-content\/uploads\/2019\/03\/Posse_turista00005.jpg\" alt=\"Posse_turista00005\" width=\"600\" height=\"385\" \/><\/a><\/p>\n<p>O Presidente Aelson Matos (Calango) deu boas vindas ao novo colega e ressaltou que a experi\u00eancia do mesmo ir\u00e1 somar muito para o bom andamento dos trabalhos legislativos. <strong><em>&#8220;Turista j\u00e1 ocupou a presid\u00eancia da casa e v\u00e1rios cargos na mesa diretora. Eu desejo que ele tenha sucesso em mais essa jornada e nos ajude a conduzir os projetos essenciais para melhorias do povo de Belmonte.&#8221;<\/em> <\/strong>&#8211; Comentou o Presidente.<\/p>\n<p><a href=\"http:\/\/www.maisbn.com\/portal\/wp-content\/uploads\/2019\/03\/Posse_turista00006.jpg\"><img loading=\"lazy\" decoding=\"async\" class=\"aligncenter  wp-image-21655\" src=\"http:\/\/www.maisbn.com\/portal\/wp-content\/uploads\/2019\/03\/Posse_turista00006.jpg\" alt=\"Posse_turista00006\" width=\"600\" height=\"385\" \/><\/a><\/p>\n<p>Muito emocionado Turista afirmou o seu comprometimento com os interesses da comunidade e que se sentia muito feliz de ter voltado ao legislativo belmontense, onde foi presidente do Legislativo belmontense por 03 vezes e eleito Vereador por 07 vezes, sendo que, em duas vezes foi o Vereador mais votado do munic\u00edpio, somando-se 28 anos de vida pol\u00edtica. <strong><em>&#8220;O meu objetivo maior nesse mandato \u00e9 ajudar os meus colegas e auxiliar o Prefeito Janival Borges e o Deputado Estadual J\u00e2nio Natal na busca pelo desenvolvimento de Belmonte. Com minha experi\u00eancia, ajudarei na confec\u00e7\u00e3o e aprova\u00e7\u00e3o de projetos de interesse do nosso povo e estarei junto com os outros vereadores na busca de uma Belmonte melhor para todos.&#8221;<\/em><\/strong> &#8211; Finalizou Turista muito emocionado.<\/p>\n","protected":false},"excerpt":{"rendered":"<p>O ex-Secret\u00e1rio de Administra\u00e7\u00e3o e agora Vereador Orlando Valter (Turista) foi reconduzido novamente ao cargo de Vereador na manh\u00e3 dessa ter\u00e7a-feira (26\/03) para ocupar a vaga do Vereador Rog\u00e9rio Bahia que se licenciou do cargo para assumir a Secretaria Municipal de Educa\u00e7\u00e3o. Turista foi recebido no gabinete do Presidente da C\u00e2mara de Vereadores, Aelson Matos [&hellip;]<\/p>\n","protected":false},"author":7,"featured_media":21656,"comment_status":"open","ping_status":"open","sticky":false,"template":"","format":"standard","meta":{"footnotes":""},"categories":[1,7],"tags":[],"class_list":["post-21653","post","type-post","status-publish","format-standard","has-post-thumbnail","hentry","category-noticias","category-politica"],"_links":{"self":[{"href":"https:\/\/www.maisbn.com\/portal\/wp-json\/wp\/v2\/posts\/21653","targetHints":{"allow":["GET"]}}],"collection":[{"href":"https:\/\/www.maisbn.com\/portal\/wp-json\/wp\/v2\/posts"}],"about":[{"href":"https:\/\/www.maisbn.com\/portal\/wp-json\/wp\/v2\/types\/post"}],"author":[{"embeddable":true,"href":"https:\/\/www.maisbn.com\/portal\/wp-json\/wp\/v2\/users\/7"}],"replies":[{"embeddable":true,"href":"https:\/\/www.maisbn.com\/portal\/wp-json\/wp\/v2\/comments?post=21653"}],"version-history":[{"count":1,"href":"https:\/\/www.maisbn.com\/portal\/wp-json\/wp\/v2\/posts\/21653\/revisions"}],"predecessor-version":[{"id":21657,"href":"https:\/\/www.maisbn.com\/portal\/wp-json\/wp\/v2\/posts\/21653\/revisions\/21657"}],"wp:featuredmedia":[{"embeddable":true,"href":"https:\/\/www.maisbn.com\/portal\/wp-json\/wp\/v2\/media\/21656"}],"wp:attachment":[{"href":"https:\/\/www.maisbn.com\/portal\/wp-json\/wp\/v2\/media?parent=21653"}],"wp:term":[{"taxonomy":"category","embeddable":true,"href":"https:\/\/www.maisbn.com\/portal\/wp-json\/wp\/v2\/categories?post=21653"},{"taxonomy":"post_tag","embeddable":true,"href":"https:\/\/www.maisbn.com\/portal\/wp-json\/wp\/v2\/tags?post=21653"}],"curies":[{"name":"wp","href":"https:\/\/api.w.org\/{rel}","templated":true}]}}