{"id":21651,"date":"2019-03-26T17:33:03","date_gmt":"2019-03-26T20:33:03","guid":{"rendered":"http:\/\/www.maisbn.com\/portal\/?p=21651"},"modified":"2019-03-26T17:33:03","modified_gmt":"2019-03-26T20:33:03","slug":"vereador-alfredo-cobra-melhorias-para-a-seguranca-publica-em-belmonte","status":"publish","type":"post","link":"https:\/\/www.maisbn.com\/portal\/2019\/03\/vereador-alfredo-cobra-melhorias-para-a-seguranca-publica-em-belmonte\/","title":{"rendered":"Vereador Alfredo cobra melhorias para a seguran\u00e7a p\u00fablica em Belmonte."},"content":{"rendered":"<p><a href=\"http:\/\/www.maisbn.com\/portal\/wp-content\/uploads\/2018\/11\/Alfredoabercebvereador.jpg\"><img loading=\"lazy\" decoding=\"async\" class=\"aligncenter size-full wp-image-20453\" src=\"http:\/\/www.maisbn.com\/portal\/wp-content\/uploads\/2018\/11\/Alfredoabercebvereador.jpg\" alt=\"Alfredoabercebvereador\" width=\"638\" height=\"350\" \/><\/a><\/p>\n<p>O Policial Civil e Vereador Alfredo Aberceb se manifestou nas redes sociais nessa segunda-feira (25\/03) com rela\u00e7\u00e3o aos assaltos ocorridos no distrito de Mogiqui\u00e7aba na noite do \u00faltimo domingo (24\/03), onde 04 elementos armados assaltaram os moradores que transitavam na rua principal do distrito, levando celulares, bolsas, uma moto e um carro que estavam estacionados.<\/p>\n<p>Em declara\u00e7\u00e3o, o Vereador informou que se surpreendeu com a situa\u00e7\u00e3o e que \u00e9 injustific\u00e1vel uma localidade do tamanho de Mogiqui\u00e7aba, que \u00e9 um dos principais destinos tur\u00edsticos de Belmonte, estar apresentando esse tipo de acontecimento violento. O edil ainda abordou o arrombamento do CREAS municipal, que, segundo ele, \u00e9 sintoma de que uma aten\u00e7\u00e3o maior tem que ser dada \u00e0 seguran\u00e7a p\u00fablica da cidade. &#8220;<strong><em>Os policiais n\u00e3o tem culpa pelo que est\u00e1 acontecendo porque n\u00e3o se pode fazer quase nada com o efetivo pequenos que temos. As Pol\u00edcias Civil e Militar est\u00e3o carentes de material humano e condi\u00e7\u00f5es para trabalhar. Temos que levar esse problema ao Governo do Estado.&#8221;<\/em> <\/strong>&#8211; Comentou Alfredo em conversa com nossa equipe.<\/p>\n<p>O edil ainda informou que j\u00e1 enviou of\u00edcio ao Prefeito Janival Borges para intervir nessa situa\u00e7\u00e3o e que j\u00e1 marcou uma reuni\u00e3o com o Major Anacleto Fran\u00e7a, comandante do 8\u00ba BPM, nessa quinta-feira (27\/03) para discutir solu\u00e7\u00f5es para a seguran\u00e7a p\u00fablica em Belmonte. <strong><em>&#8220;Tamb\u00e9m j\u00e1 pedi uma reuni\u00e3o com Dr. Mois\u00e9s Damasceno, que \u00e9 o nosso Coordenador Regional, para tentar trazer mais efetivo para a Pol\u00edcia Civil de nossa cidade. Estou dando andamento, com a ajuda da comunidade, ao programa de instala\u00e7\u00e3o de c\u00e2meras nas ruas de Belmonte e tudo que estiver ao meu alcance eu irei fazer para proporcionar uma seguran\u00e7a p\u00fablica de qualidade ao nosso povo.&#8221;<\/em><\/strong> &#8211; Finalizou Alfredo.<\/p>\n","protected":false},"excerpt":{"rendered":"<p>O Policial Civil e Vereador Alfredo Aberceb se manifestou nas redes sociais nessa segunda-feira (25\/03) com rela\u00e7\u00e3o aos assaltos ocorridos no distrito de Mogiqui\u00e7aba na noite do \u00faltimo domingo (24\/03), onde 04 elementos armados assaltaram os moradores que transitavam na rua principal do distrito, levando celulares, bolsas, uma moto e um carro que estavam estacionados. [&hellip;]<\/p>\n","protected":false},"author":7,"featured_media":20453,"comment_status":"open","ping_status":"open","sticky":false,"template":"","format":"standard","meta":{"footnotes":""},"categories":[1,7],"tags":[],"class_list":["post-21651","post","type-post","status-publish","format-standard","has-post-thumbnail","hentry","category-noticias","category-politica"],"_links":{"self":[{"href":"https:\/\/www.maisbn.com\/portal\/wp-json\/wp\/v2\/posts\/21651","targetHints":{"allow":["GET"]}}],"collection":[{"href":"https:\/\/www.maisbn.com\/portal\/wp-json\/wp\/v2\/posts"}],"about":[{"href":"https:\/\/www.maisbn.com\/portal\/wp-json\/wp\/v2\/types\/post"}],"author":[{"embeddable":true,"href":"https:\/\/www.maisbn.com\/portal\/wp-json\/wp\/v2\/users\/7"}],"replies":[{"embeddable":true,"href":"https:\/\/www.maisbn.com\/portal\/wp-json\/wp\/v2\/comments?post=21651"}],"version-history":[{"count":1,"href":"https:\/\/www.maisbn.com\/portal\/wp-json\/wp\/v2\/posts\/21651\/revisions"}],"predecessor-version":[{"id":21652,"href":"https:\/\/www.maisbn.com\/portal\/wp-json\/wp\/v2\/posts\/21651\/revisions\/21652"}],"wp:featuredmedia":[{"embeddable":true,"href":"https:\/\/www.maisbn.com\/portal\/wp-json\/wp\/v2\/media\/20453"}],"wp:attachment":[{"href":"https:\/\/www.maisbn.com\/portal\/wp-json\/wp\/v2\/media?parent=21651"}],"wp:term":[{"taxonomy":"category","embeddable":true,"href":"https:\/\/www.maisbn.com\/portal\/wp-json\/wp\/v2\/categories?post=21651"},{"taxonomy":"post_tag","embeddable":true,"href":"https:\/\/www.maisbn.com\/portal\/wp-json\/wp\/v2\/tags?post=21651"}],"curies":[{"name":"wp","href":"https:\/\/api.w.org\/{rel}","templated":true}]}}