{"id":21642,"date":"2019-03-26T16:28:57","date_gmt":"2019-03-26T19:28:57","guid":{"rendered":"http:\/\/www.maisbn.com\/portal\/?p=21642"},"modified":"2019-03-26T16:28:57","modified_gmt":"2019-03-26T19:28:57","slug":"secretaria-de-cultura-de-belmonte-participa-de-assembleia-de-organizacao-do-festivale","status":"publish","type":"post","link":"https:\/\/www.maisbn.com\/portal\/2019\/03\/secretaria-de-cultura-de-belmonte-participa-de-assembleia-de-organizacao-do-festivale\/","title":{"rendered":"Secretaria de Cultura de Belmonte participa de Assembleia de organiza\u00e7\u00e3o do FESTIVALE."},"content":{"rendered":"<p><a href=\"http:\/\/www.maisbn.com\/portal\/wp-content\/uploads\/2019\/03\/festivale_visital00004.jpg\"><img loading=\"lazy\" decoding=\"async\" class=\"aligncenter  wp-image-21643\" src=\"http:\/\/www.maisbn.com\/portal\/wp-content\/uploads\/2019\/03\/festivale_visital00004.jpg\" alt=\"festivale_visital00004\" width=\"600\" height=\"385\" \/><\/a><\/p>\n<p>Uma comiss\u00e3o da Secretaria Municipal de Cultura e Turismo de Belmonte visitou entre os dias 21 e 23 de mar\u00e7o o Vale do Jequitinhonha, ber\u00e7o do FESTIVALE (Festival da Cultura Popular do Vale do Jequitinhonha), que ter\u00e1 a edi\u00e7\u00e3o desse ano realizada em Belmonte entre os dias 21 e 27 de julho, com o tema &#8220;Dos Vales ao Mar&#8221;, numa alus\u00e3o ao Estado de Minas Gerais, nascente do Rio Jequitinhonha e a Bahia, onde o mesmo encontra-se com o mar.<\/p>\n<p><a href=\"http:\/\/www.maisbn.com\/portal\/wp-content\/uploads\/2019\/03\/festivale_visital00003.jpg\"><img loading=\"lazy\" decoding=\"async\" class=\"aligncenter  wp-image-21644\" src=\"http:\/\/www.maisbn.com\/portal\/wp-content\/uploads\/2019\/03\/festivale_visital00003.jpg\" alt=\"festivale_visital00003\" width=\"600\" height=\"385\" \/><\/a><\/p>\n<p>O objetivo principal da visita foi participar da Assembleia da Federa\u00e7\u00e3o das Entidades Art\u00edsticas e Culturais do Vale do Jequitinhonha (FECAJE), \u00f3rg\u00e3o mantenedor do Festival. Durante a reuni\u00e3o o Secret\u00e1rio Municipal de Cultura e Turismo, Herculano Assis, representou o Prefeito Janival Borges e apresentou as a\u00e7\u00f5es que ser\u00e3o desenvolvidas em Belmonte para a viabiliza\u00e7\u00e3o e o sucesso do evento. O Secret\u00e1rio tamb\u00e9m aproveitou a oportunidade para percorrer o Vale do Jequitinhonha, fazer contatos importantes e conhecer a cultura regional desenvolvida por artes\u00e3os, m\u00fasicos e escritores que estar\u00e3o presentes em Belmonte para o FESTIVALE.<\/p>\n<p><a href=\"http:\/\/www.maisbn.com\/portal\/wp-content\/uploads\/2019\/03\/mosaico_festivale_visita.jpg\"><img loading=\"lazy\" decoding=\"async\" class=\"aligncenter  wp-image-21645\" src=\"http:\/\/www.maisbn.com\/portal\/wp-content\/uploads\/2019\/03\/mosaico_festivale_visita.jpg\" alt=\"mosaico_festivale_visita\" width=\"600\" height=\"386\" \/><\/a><\/p>\n<p>Quem tamb\u00e9m esteve presente na visita foi o Secret\u00e1rio Municipal do Interior de Belmonte, Walter Cesar Santos, onde o mesmo revelou estar muito animado com a expectativa do grande n\u00famero de turistas que visitar\u00e3o Belmonte durante o FESTIVALE e conhecer\u00e3o toda a riqueza cultural da cidade. &#8220;<strong><em>O Secret\u00e1rio Herculano Assis, com o apoio do Prefeito Janival Borges e do Deputado Estadual J\u00e2nio Natal, est\u00e1 realizando um trabalho bel\u00edssimo em prol da divulga\u00e7\u00e3o de Belmonte. Essa \u00e9 uma grande oportunidade e todos n\u00f3s estamos unidos no intuito de realizar a melhor edi\u00e7\u00e3o do FESTIVALE de todos os tempos.&#8221;<\/em><\/strong> &#8211; Comentou o Secret\u00e1rio do Interior.<\/p>\n","protected":false},"excerpt":{"rendered":"<p>Uma comiss\u00e3o da Secretaria Municipal de Cultura e Turismo de Belmonte visitou entre os dias 21 e 23 de mar\u00e7o o Vale do Jequitinhonha, ber\u00e7o do FESTIVALE (Festival da Cultura Popular do Vale do Jequitinhonha), que ter\u00e1 a edi\u00e7\u00e3o desse ano realizada em Belmonte entre os dias 21 e 27 de julho, com o tema [&hellip;]<\/p>\n","protected":false},"author":7,"featured_media":21643,"comment_status":"open","ping_status":"open","sticky":false,"template":"","format":"standard","meta":{"footnotes":""},"categories":[45,1],"tags":[],"class_list":["post-21642","post","type-post","status-publish","format-standard","has-post-thumbnail","hentry","category-cidades","category-noticias"],"_links":{"self":[{"href":"https:\/\/www.maisbn.com\/portal\/wp-json\/wp\/v2\/posts\/21642","targetHints":{"allow":["GET"]}}],"collection":[{"href":"https:\/\/www.maisbn.com\/portal\/wp-json\/wp\/v2\/posts"}],"about":[{"href":"https:\/\/www.maisbn.com\/portal\/wp-json\/wp\/v2\/types\/post"}],"author":[{"embeddable":true,"href":"https:\/\/www.maisbn.com\/portal\/wp-json\/wp\/v2\/users\/7"}],"replies":[{"embeddable":true,"href":"https:\/\/www.maisbn.com\/portal\/wp-json\/wp\/v2\/comments?post=21642"}],"version-history":[{"count":1,"href":"https:\/\/www.maisbn.com\/portal\/wp-json\/wp\/v2\/posts\/21642\/revisions"}],"predecessor-version":[{"id":21646,"href":"https:\/\/www.maisbn.com\/portal\/wp-json\/wp\/v2\/posts\/21642\/revisions\/21646"}],"wp:featuredmedia":[{"embeddable":true,"href":"https:\/\/www.maisbn.com\/portal\/wp-json\/wp\/v2\/media\/21643"}],"wp:attachment":[{"href":"https:\/\/www.maisbn.com\/portal\/wp-json\/wp\/v2\/media?parent=21642"}],"wp:term":[{"taxonomy":"category","embeddable":true,"href":"https:\/\/www.maisbn.com\/portal\/wp-json\/wp\/v2\/categories?post=21642"},{"taxonomy":"post_tag","embeddable":true,"href":"https:\/\/www.maisbn.com\/portal\/wp-json\/wp\/v2\/tags?post=21642"}],"curies":[{"name":"wp","href":"https:\/\/api.w.org\/{rel}","templated":true}]}}