{"id":21629,"date":"2019-03-25T10:48:21","date_gmt":"2019-03-25T13:48:21","guid":{"rendered":"http:\/\/www.maisbn.com\/portal\/?p=21629"},"modified":"2019-03-25T10:48:21","modified_gmt":"2019-03-25T13:48:21","slug":"bandidos-arrombam-e-roubam-sede-do-creas-em-belmonte","status":"publish","type":"post","link":"https:\/\/www.maisbn.com\/portal\/2019\/03\/bandidos-arrombam-e-roubam-sede-do-creas-em-belmonte\/","title":{"rendered":"Bandidos arrombam e roubam sede do CREAS em Belmonte."},"content":{"rendered":"<p><a href=\"http:\/\/www.maisbn.com\/portal\/wp-content\/uploads\/2019\/03\/roubo-creas00001.jpg\"><img loading=\"lazy\" decoding=\"async\" class=\"aligncenter  wp-image-21631\" src=\"http:\/\/www.maisbn.com\/portal\/wp-content\/uploads\/2019\/03\/roubo-creas00001.jpg\" alt=\"roubo-creas00001\" width=\"600\" height=\"385\" \/><\/a><\/p>\n<p>Bandidos arrombaram na noite desse domingo (25\/03) a sede do CREAS (Centro de Refer\u00eancia Especializada de Assist\u00eancia Social) em Belmonte. O fato foi descoberto pelo vigilante que assumiu o servi\u00e7o por volta das 21:00Hrs e descobriu que a porta do estabelecimento p\u00fablico tinha sido arrombada.<\/p>\n<p><a href=\"http:\/\/www.maisbn.com\/portal\/wp-content\/uploads\/2019\/03\/mosaico_roubocreas.jpg\"><img loading=\"lazy\" decoding=\"async\" class=\"aligncenter  wp-image-21630\" src=\"http:\/\/www.maisbn.com\/portal\/wp-content\/uploads\/2019\/03\/mosaico_roubocreas.jpg\" alt=\"mosaico_roubocreas\" width=\"602\" height=\"387\" \/><\/a><\/p>\n<p>O pr\u00e9dio foi todo revirado e os ladr\u00f5es conseguiram levar 01 computador, 01 impressora, 01 botij\u00e3o de g\u00e1s e 01 receptor de tv. Os bandidos fugiram pelo muro dos fundos, com o aux\u00edlio de uma pilha de mesas usada para facilitar a escalada. A Pol\u00edcia Militar esteve no local e est\u00e1 efetuando rondas para conseguir encontrar os bandidos e recuperar o material roubado. O fato foi informado \u00e0 Delegacia Territorial de Belmonte, que est\u00e1 respons\u00e1vel pelas investiga\u00e7\u00f5es do caso.<\/p>\n","protected":false},"excerpt":{"rendered":"<p>Bandidos arrombaram na noite desse domingo (25\/03) a sede do CREAS (Centro de Refer\u00eancia Especializada de Assist\u00eancia Social) em Belmonte. O fato foi descoberto pelo vigilante que assumiu o servi\u00e7o por volta das 21:00Hrs e descobriu que a porta do estabelecimento p\u00fablico tinha sido arrombada. O pr\u00e9dio foi todo revirado e os ladr\u00f5es conseguiram levar [&hellip;]<\/p>\n","protected":false},"author":7,"featured_media":21631,"comment_status":"open","ping_status":"open","sticky":false,"template":"","format":"standard","meta":{"footnotes":""},"categories":[1,16],"tags":[],"class_list":["post-21629","post","type-post","status-publish","format-standard","has-post-thumbnail","hentry","category-noticias","category-policial"],"_links":{"self":[{"href":"https:\/\/www.maisbn.com\/portal\/wp-json\/wp\/v2\/posts\/21629","targetHints":{"allow":["GET"]}}],"collection":[{"href":"https:\/\/www.maisbn.com\/portal\/wp-json\/wp\/v2\/posts"}],"about":[{"href":"https:\/\/www.maisbn.com\/portal\/wp-json\/wp\/v2\/types\/post"}],"author":[{"embeddable":true,"href":"https:\/\/www.maisbn.com\/portal\/wp-json\/wp\/v2\/users\/7"}],"replies":[{"embeddable":true,"href":"https:\/\/www.maisbn.com\/portal\/wp-json\/wp\/v2\/comments?post=21629"}],"version-history":[{"count":1,"href":"https:\/\/www.maisbn.com\/portal\/wp-json\/wp\/v2\/posts\/21629\/revisions"}],"predecessor-version":[{"id":21632,"href":"https:\/\/www.maisbn.com\/portal\/wp-json\/wp\/v2\/posts\/21629\/revisions\/21632"}],"wp:featuredmedia":[{"embeddable":true,"href":"https:\/\/www.maisbn.com\/portal\/wp-json\/wp\/v2\/media\/21631"}],"wp:attachment":[{"href":"https:\/\/www.maisbn.com\/portal\/wp-json\/wp\/v2\/media?parent=21629"}],"wp:term":[{"taxonomy":"category","embeddable":true,"href":"https:\/\/www.maisbn.com\/portal\/wp-json\/wp\/v2\/categories?post=21629"},{"taxonomy":"post_tag","embeddable":true,"href":"https:\/\/www.maisbn.com\/portal\/wp-json\/wp\/v2\/tags?post=21629"}],"curies":[{"name":"wp","href":"https:\/\/api.w.org\/{rel}","templated":true}]}}