{"id":21613,"date":"2019-03-23T11:49:02","date_gmt":"2019-03-23T14:49:02","guid":{"rendered":"http:\/\/www.maisbn.com\/portal\/?p=21613"},"modified":"2019-03-23T11:50:49","modified_gmt":"2019-03-23T14:50:49","slug":"gerente-da-embasa-informa-que-problema-no-abastecimento-de-agua-em-belmonte-ja-foi-resolvido","status":"publish","type":"post","link":"https:\/\/www.maisbn.com\/portal\/2019\/03\/gerente-da-embasa-informa-que-problema-no-abastecimento-de-agua-em-belmonte-ja-foi-resolvido\/","title":{"rendered":"Embasa informa que problema no abastecimento de \u00e1gua em Belmonte j\u00e1 foi resolvido."},"content":{"rendered":"<p><a href=\"http:\/\/www.maisbn.com\/portal\/wp-content\/uploads\/2019\/03\/Embasa_belmonte.jpg\"><img loading=\"lazy\" decoding=\"async\" class=\"aligncenter wp-image-21604\" src=\"http:\/\/www.maisbn.com\/portal\/wp-content\/uploads\/2019\/03\/Embasa_belmonte.jpg\" alt=\"Embasa_belmonte\" width=\"600\" height=\"454\" \/><\/a><\/p>\n<p>A Empresa Baiana de \u00c1guas e Saneamento (EMBASA) informou em nota divulgada no final da tarde dessa sexta-feira (22\/03) que o fornecimento de \u00e1gua em Belmonte come\u00e7ou a ser normalizado ainda na manh\u00e3 do mesmo dia e que o servi\u00e7o foi prejudicado devido a sucessivas falhas no fornecimento de energia el\u00e9trica na \u00e1rea de abastecimento local, ocorrida desde quarta-feira (20\/03). A empresa finalizou a nota informando que at\u00e9 o final da manh\u00e3 de hoje o fornecimento de \u00e1gua estar\u00e1 totalmente normalizado.<\/p>\n<p>Nossa equipe tamb\u00e9m entrou em contato com o Gerente da \u00e1rea de Belmonte, Senhor Paulo, nessa manh\u00e3 onde o mesmo nos explicou que a EMBASA teve que trocar um transformador de energia que havia queimado e que a esta\u00e7\u00e3o de tratamento de \u00e1gua s\u00f3 voltou a operar por volta das 10:00Hrs da \u00faltima sexta-feira (23\/03) depois que t\u00e9cnicos da Coelba compareceram ao local para ligar o novo equipamento \u00e0 rede el\u00e9trica. <strong><em>&#8220;A equipe de manuten\u00e7\u00e3o da EMBASA trabalhou durante a noite toda para instalar o novo transformador. Uma opera\u00e7\u00e3o muito complexa que necessitou de um caminh\u00e3o muck para erguer o equipamento por causa do grande peso.&#8221;<\/em><\/strong> &#8211; Informou Gerente.<\/p>\n<p>O Gerente da Embasa ainda esclareceu que a \u00e1gua n\u00e3o voltou totalmente porque o sistema de abastecimento tem suas particularidades e depende da press\u00e3o da rede que vai aumentando gradativamente at\u00e9 voltar \u00e0 normalidade. <strong><em>&#8220;Mesmo todo o Sistema voltando a funcionar a \u00e1gua vai chegando nas localidades aos poucos por causa da press\u00e3o que ainda n\u00e3o est\u00e1 adequada, mas asseguro a todos os usu\u00e1rios que continuaremos trabalhando ininterruptamente at\u00e9 que todo o abastecimento esteja acontecendo normalmente.&#8221;<\/em><\/strong>&#8211; Finalizou o Gerente da Embasa<\/p>\n<p>&nbsp;<\/p>\n","protected":false},"excerpt":{"rendered":"<p>A Empresa Baiana de \u00c1guas e Saneamento (EMBASA) informou em nota divulgada no final da tarde dessa sexta-feira (22\/03) que o fornecimento de \u00e1gua em Belmonte come\u00e7ou a ser normalizado ainda na manh\u00e3 do mesmo dia e que o servi\u00e7o foi prejudicado devido a sucessivas falhas no fornecimento de energia el\u00e9trica na \u00e1rea de abastecimento [&hellip;]<\/p>\n","protected":false},"author":7,"featured_media":21604,"comment_status":"open","ping_status":"open","sticky":false,"template":"","format":"standard","meta":{"footnotes":""},"categories":[45,1],"tags":[],"class_list":["post-21613","post","type-post","status-publish","format-standard","has-post-thumbnail","hentry","category-cidades","category-noticias"],"_links":{"self":[{"href":"https:\/\/www.maisbn.com\/portal\/wp-json\/wp\/v2\/posts\/21613","targetHints":{"allow":["GET"]}}],"collection":[{"href":"https:\/\/www.maisbn.com\/portal\/wp-json\/wp\/v2\/posts"}],"about":[{"href":"https:\/\/www.maisbn.com\/portal\/wp-json\/wp\/v2\/types\/post"}],"author":[{"embeddable":true,"href":"https:\/\/www.maisbn.com\/portal\/wp-json\/wp\/v2\/users\/7"}],"replies":[{"embeddable":true,"href":"https:\/\/www.maisbn.com\/portal\/wp-json\/wp\/v2\/comments?post=21613"}],"version-history":[{"count":3,"href":"https:\/\/www.maisbn.com\/portal\/wp-json\/wp\/v2\/posts\/21613\/revisions"}],"predecessor-version":[{"id":21617,"href":"https:\/\/www.maisbn.com\/portal\/wp-json\/wp\/v2\/posts\/21613\/revisions\/21617"}],"wp:featuredmedia":[{"embeddable":true,"href":"https:\/\/www.maisbn.com\/portal\/wp-json\/wp\/v2\/media\/21604"}],"wp:attachment":[{"href":"https:\/\/www.maisbn.com\/portal\/wp-json\/wp\/v2\/media?parent=21613"}],"wp:term":[{"taxonomy":"category","embeddable":true,"href":"https:\/\/www.maisbn.com\/portal\/wp-json\/wp\/v2\/categories?post=21613"},{"taxonomy":"post_tag","embeddable":true,"href":"https:\/\/www.maisbn.com\/portal\/wp-json\/wp\/v2\/tags?post=21613"}],"curies":[{"name":"wp","href":"https:\/\/api.w.org\/{rel}","templated":true}]}}