{"id":21600,"date":"2019-03-22T16:22:00","date_gmt":"2019-03-22T19:22:00","guid":{"rendered":"http:\/\/www.maisbn.com\/portal\/?p=21600"},"modified":"2019-03-22T17:47:01","modified_gmt":"2019-03-22T20:47:01","slug":"falta-de-agua-em-belmonte-causa-problemas-para-moradores-e-orgaos-publicos","status":"publish","type":"post","link":"https:\/\/www.maisbn.com\/portal\/2019\/03\/falta-de-agua-em-belmonte-causa-problemas-para-moradores-e-orgaos-publicos\/","title":{"rendered":"Falta de \u00e1gua em Belmonte causa problemas para moradores e \u00f3rg\u00e3os p\u00fablicos."},"content":{"rendered":"<p><a href=\"http:\/\/www.maisbn.com\/portal\/wp-content\/uploads\/2019\/03\/falta-de-\u00e1gua-Desterro-pb.jpg\"><img loading=\"lazy\" decoding=\"async\" class=\"aligncenter wp-image-21602\" src=\"http:\/\/www.maisbn.com\/portal\/wp-content\/uploads\/2019\/03\/falta-de-\u00e1gua-Desterro-pb-1000x611.jpg\" alt=\"falta-de-\u00e1gua-Desterro-pb\" width=\"601\" height=\"367\" srcset=\"https:\/\/www.maisbn.com\/portal\/wp-content\/uploads\/2019\/03\/falta-de-\u00e1gua-Desterro-pb-1000x611.jpg 1000w, https:\/\/www.maisbn.com\/portal\/wp-content\/uploads\/2019\/03\/falta-de-\u00e1gua-Desterro-pb.jpg 1008w\" sizes=\"auto, (max-width: 601px) 100vw, 601px\" \/><\/a><\/p>\n<p>Um problema na esta\u00e7\u00e3o de tratamento da Embasa em Belmonte interrompeu o fornecimento de \u00e1gua na cidade por um longo per\u00edodo causando diversas reclama\u00e7\u00f5es por parte da popula\u00e7\u00e3o. A interrup\u00e7\u00e3o que, segundo os usu\u00e1rios da Embasa j\u00e1 dura tr\u00eas dias, causou problemas para as fam\u00edlias que tiveram que recorrer a po\u00e7os artesianos de vizinhos para tomar banho e realizar servi\u00e7os dom\u00e9sticos. A falta de \u00e1gua afetou tamb\u00e9m diversos \u00f3rg\u00e3os p\u00fablicos, sendo que, o hospital da cidade chegou at\u00e9 a cavar um po\u00e7o artesiano emergencial para garantir o atendimento dos pacientes. <strong><em>&#8220;Fiquei preocupado com a situa\u00e7\u00e3o da falta de posicionamento da EMBASA quanto \u00e0 resolu\u00e7\u00e3o do problema. Diante disso, busquei ajuda do Secret\u00e1rio de Infraestrutura, Luciano Alves, para cavar um po\u00e7o artesiano e garantir o fornecimento de \u00e1gua e a continuidade dos atendimentos no Hospital.&#8221;<\/em><\/strong>\u00a0&#8211; Informou o Secret\u00e1rio de Sa\u00fade, T\u00e1rcio Lapa.<\/p>\n<div id=\"attachment_21603\" style=\"width: 610px\" class=\"wp-caption aligncenter\"><a href=\"http:\/\/www.maisbn.com\/portal\/wp-content\/uploads\/2019\/03\/mosaico_faltadeagua.jpg\"><img loading=\"lazy\" decoding=\"async\" aria-describedby=\"caption-attachment-21603\" class=\"wp-image-21603\" src=\"http:\/\/www.maisbn.com\/portal\/wp-content\/uploads\/2019\/03\/mosaico_faltadeagua.jpg\" alt=\"mosaico_faltadeagua\" width=\"600\" height=\"386\" \/><\/a><p id=\"caption-attachment-21603\" class=\"wp-caption-text\">Prefeitura Municipal de Belmonte teve que cavar um po\u00e7o artesiano para garantir o abastecimento do Hospital Dr. Jos\u00e9 da Costa Pinto Dantas.<\/p><\/div>\n<p>O Prefeito Janival Borges, em conversa com nossa equipe tamb\u00e9m se posicionou sobre o problema e declarou que, apesar do transtorno, o munic\u00edpio n\u00e3o tem como punir a EMBASA por causa de um contrato de concess\u00e3o antigo e j\u00e1 vencido que n\u00e3o contempla com clareza as obriga\u00e7\u00f5es da empresa. <strong><em>&#8220;<\/em><em>Estamos tentando licitar uma nova concess\u00e3o com termos claros contendo as obriga\u00e7\u00f5es e as puni\u00e7\u00f5es, bem como, os investimentos do concession\u00e1rio para garantir um bom servi\u00e7o \u00e0 popula\u00e7\u00e3o. Enquanto isso n\u00e3o acontece, o munic\u00edpio est\u00e1 de m\u00e3os atadas \u00e0 merc\u00ea dos abusos e da falta de investimentos da EMBASA.&#8221;\u00a0<\/em><\/strong>&#8211; Finalizou o gestor.<\/p>\n","protected":false},"excerpt":{"rendered":"<p>Um problema na esta\u00e7\u00e3o de tratamento da Embasa em Belmonte interrompeu o fornecimento de \u00e1gua na cidade por um longo per\u00edodo causando diversas reclama\u00e7\u00f5es por parte da popula\u00e7\u00e3o. A interrup\u00e7\u00e3o que, segundo os usu\u00e1rios da Embasa j\u00e1 dura tr\u00eas dias, causou problemas para as fam\u00edlias que tiveram que recorrer a po\u00e7os artesianos de vizinhos para [&hellip;]<\/p>\n","protected":false},"author":7,"featured_media":21602,"comment_status":"open","ping_status":"open","sticky":false,"template":"","format":"standard","meta":{"footnotes":""},"categories":[45,1],"tags":[],"class_list":["post-21600","post","type-post","status-publish","format-standard","has-post-thumbnail","hentry","category-cidades","category-noticias"],"_links":{"self":[{"href":"https:\/\/www.maisbn.com\/portal\/wp-json\/wp\/v2\/posts\/21600","targetHints":{"allow":["GET"]}}],"collection":[{"href":"https:\/\/www.maisbn.com\/portal\/wp-json\/wp\/v2\/posts"}],"about":[{"href":"https:\/\/www.maisbn.com\/portal\/wp-json\/wp\/v2\/types\/post"}],"author":[{"embeddable":true,"href":"https:\/\/www.maisbn.com\/portal\/wp-json\/wp\/v2\/users\/7"}],"replies":[{"embeddable":true,"href":"https:\/\/www.maisbn.com\/portal\/wp-json\/wp\/v2\/comments?post=21600"}],"version-history":[{"count":2,"href":"https:\/\/www.maisbn.com\/portal\/wp-json\/wp\/v2\/posts\/21600\/revisions"}],"predecessor-version":[{"id":21614,"href":"https:\/\/www.maisbn.com\/portal\/wp-json\/wp\/v2\/posts\/21600\/revisions\/21614"}],"wp:featuredmedia":[{"embeddable":true,"href":"https:\/\/www.maisbn.com\/portal\/wp-json\/wp\/v2\/media\/21602"}],"wp:attachment":[{"href":"https:\/\/www.maisbn.com\/portal\/wp-json\/wp\/v2\/media?parent=21600"}],"wp:term":[{"taxonomy":"category","embeddable":true,"href":"https:\/\/www.maisbn.com\/portal\/wp-json\/wp\/v2\/categories?post=21600"},{"taxonomy":"post_tag","embeddable":true,"href":"https:\/\/www.maisbn.com\/portal\/wp-json\/wp\/v2\/tags?post=21600"}],"curies":[{"name":"wp","href":"https:\/\/api.w.org\/{rel}","templated":true}]}}