{"id":21593,"date":"2019-03-22T12:07:14","date_gmt":"2019-03-22T15:07:14","guid":{"rendered":"http:\/\/www.maisbn.com\/portal\/?p=21593"},"modified":"2019-03-22T12:09:06","modified_gmt":"2019-03-22T15:09:06","slug":"mpf-aponta-falhas-da-prefeitura-de-cabralia-na-administracao-de-coroa-alta","status":"publish","type":"post","link":"https:\/\/www.maisbn.com\/portal\/2019\/03\/mpf-aponta-falhas-da-prefeitura-de-cabralia-na-administracao-de-coroa-alta\/","title":{"rendered":"MPF aponta falhas da Prefeitura de Cabr\u00e1lia na administra\u00e7\u00e3o de Coroa Alta."},"content":{"rendered":"<p><a href=\"http:\/\/www.maisbn.com\/portal\/wp-content\/uploads\/2019\/03\/coroa-alta-fluvial-25b1ee2164a940-large.jpg\"><img loading=\"lazy\" decoding=\"async\" class=\"aligncenter wp-image-21594\" src=\"http:\/\/www.maisbn.com\/portal\/wp-content\/uploads\/2019\/03\/coroa-alta-fluvial-25b1ee2164a940-large.jpg\" alt=\"coroa-alta-fluvial-25b1ee2164a940-large\" width=\"600\" height=\"450\" \/><\/a><\/p>\n<p>Preocupado com a explora\u00e7\u00e3o tur\u00edstica indiscriminada na regi\u00e3o do Parque Marinho de Coroa Alta, o MPF (Minist\u00e9rio P\u00fablico Federal) de Eun\u00e1polis emitiu uma nota de recomenda\u00e7\u00f5es \u00e0 Prefeitura de Santa Cruz Cabr\u00e1lia, onde se localiza o parque, sugerindo medidas a serem adotada para assegurar a conserva\u00e7\u00e3o ambiental do destino. Em um documento assinado em no \u00faltimo dia 12 de mar\u00e7o, Fernando Zelada, Procurador da Rep\u00fablica, critica a falta de medidas preventivas e de fiscaliza\u00e7\u00e3o por parte da administra\u00e7\u00e3o local, \u00a0responsabilizando as neglig\u00eancias pelos danos causados aos corais e a todo o ecossistema ao redor.<\/p>\n<p>Zelada revelou ainda que, em vistoria realizada pelo IBAMA (Instituto Brasileiro do Meio Ambiente e dos Recursos Naturais Renov\u00e1veis) em 2010, foi observado um exorbitante n\u00famero de visitantes e falta de demarca\u00e7\u00e3o de \u00e1rea para o tr\u00e2nsito de turistas, o que eleva os danos ao recife de coral e atrapalha o controle dos \u00f3rg\u00e3os respons\u00e1veis. Uma inspe\u00e7\u00e3o feita em 2015 pelo INEMA (Instituto Estadual do Meio Ambiente e Recursos H\u00eddricos) vai ao encontro do relat\u00f3rio do IBAMA, apontando a necessidade de pol\u00edticas de preserva\u00e7\u00e3o e educa\u00e7\u00e3o ambiental.<\/p>\n<p>O prefeito do munic\u00edpio, Agnelo Santos, tem um prazo de 10 dias para se pronunciar a respeito da nota, informando se as medidas ser\u00e3o acatadas ou n\u00e3o. Caso o gestor n\u00e3o adote as a\u00e7oes sugeridas, o MPF ir\u00e1 analisar novamente para decidir quais as pr\u00f3ximas delibera\u00e7\u00f5es a serem tomadas, inclusive judicialmente. Se optar por acatar as indica\u00e7\u00f5es, a administra\u00e7\u00e3o ter\u00e1 um prazo de 60 dias para coloc\u00e1-las em pr\u00e1tica.<\/p>\n<p><strong>Confira abaixo algumas das sugest\u00f5es do MPF:<\/strong><\/p>\n<p><em>Elaborar plano de manejo e zoneamento da \u00e1rea;<\/em><\/p>\n<p><em>Criar e nomear um conselho gestor;<\/em><\/p>\n<p><em>Limite de 300 visitantes di\u00e1rios, independente de \u00e9poca;<\/em><\/p>\n<p><em>Limitar o volume dos alto-falantes de embarca\u00e7\u00f5es em 50 decib\u00e9is;<\/em><\/p>\n<p><em>Capacitar fiscais e guias de turismo;<\/em><\/p>\n<p><em>Instalar poitas (\u00e2ncoras) fixas na \u00e1rea de desembarque;<\/em><\/p>\n<p><em>Criar fundo, ligado a Secretaria de Meio Ambiente, para arrecadar taxas de visita\u00e7\u00e3o, a ser utilizado para manuten\u00e7\u00e3o do parque;<\/em><\/p>\n<p><strong><em>Fonte: Site Jojo Noticias<\/em><\/strong><\/p>\n","protected":false},"excerpt":{"rendered":"<p>Preocupado com a explora\u00e7\u00e3o tur\u00edstica indiscriminada na regi\u00e3o do Parque Marinho de Coroa Alta, o MPF (Minist\u00e9rio P\u00fablico Federal) de Eun\u00e1polis emitiu uma nota de recomenda\u00e7\u00f5es \u00e0 Prefeitura de Santa Cruz Cabr\u00e1lia, onde se localiza o parque, sugerindo medidas a serem adotada para assegurar a conserva\u00e7\u00e3o ambiental do destino. Em um documento assinado em no [&hellip;]<\/p>\n","protected":false},"author":7,"featured_media":21594,"comment_status":"open","ping_status":"open","sticky":false,"template":"","format":"standard","meta":{"footnotes":""},"categories":[33,1],"tags":[],"class_list":["post-21593","post","type-post","status-publish","format-standard","has-post-thumbnail","hentry","category-meio-ambiente","category-noticias"],"_links":{"self":[{"href":"https:\/\/www.maisbn.com\/portal\/wp-json\/wp\/v2\/posts\/21593","targetHints":{"allow":["GET"]}}],"collection":[{"href":"https:\/\/www.maisbn.com\/portal\/wp-json\/wp\/v2\/posts"}],"about":[{"href":"https:\/\/www.maisbn.com\/portal\/wp-json\/wp\/v2\/types\/post"}],"author":[{"embeddable":true,"href":"https:\/\/www.maisbn.com\/portal\/wp-json\/wp\/v2\/users\/7"}],"replies":[{"embeddable":true,"href":"https:\/\/www.maisbn.com\/portal\/wp-json\/wp\/v2\/comments?post=21593"}],"version-history":[{"count":3,"href":"https:\/\/www.maisbn.com\/portal\/wp-json\/wp\/v2\/posts\/21593\/revisions"}],"predecessor-version":[{"id":21598,"href":"https:\/\/www.maisbn.com\/portal\/wp-json\/wp\/v2\/posts\/21593\/revisions\/21598"}],"wp:featuredmedia":[{"embeddable":true,"href":"https:\/\/www.maisbn.com\/portal\/wp-json\/wp\/v2\/media\/21594"}],"wp:attachment":[{"href":"https:\/\/www.maisbn.com\/portal\/wp-json\/wp\/v2\/media?parent=21593"}],"wp:term":[{"taxonomy":"category","embeddable":true,"href":"https:\/\/www.maisbn.com\/portal\/wp-json\/wp\/v2\/categories?post=21593"},{"taxonomy":"post_tag","embeddable":true,"href":"https:\/\/www.maisbn.com\/portal\/wp-json\/wp\/v2\/tags?post=21593"}],"curies":[{"name":"wp","href":"https:\/\/api.w.org\/{rel}","templated":true}]}}