{"id":21590,"date":"2019-03-22T12:10:12","date_gmt":"2019-03-22T15:10:12","guid":{"rendered":"http:\/\/www.maisbn.com\/portal\/?p=21590"},"modified":"2019-03-22T12:10:12","modified_gmt":"2019-03-22T15:10:12","slug":"evento-da-rede-de-percepcao-de-odor-da-veracel-integra-voluntarios-e-valoriza-cultura-local","status":"publish","type":"post","link":"https:\/\/www.maisbn.com\/portal\/2019\/03\/evento-da-rede-de-percepcao-de-odor-da-veracel-integra-voluntarios-e-valoriza-cultura-local\/","title":{"rendered":"Evento da Rede de Percep\u00e7\u00e3o de Odor da Veracel integra volunt\u00e1rios e valoriza cultura local"},"content":{"rendered":"<p class=\"m_-4042011330007316164xmsonormal\"><a href=\"http:\/\/www.maisbn.com\/portal\/wp-content\/uploads\/2019\/03\/Web-0025-e1553266643530.jpg\"><img loading=\"lazy\" decoding=\"async\" class=\"alignleft wp-image-21592 \" src=\"http:\/\/www.maisbn.com\/portal\/wp-content\/uploads\/2019\/03\/Web-0025-e1553266643530.jpg\" alt=\"Web-0025\" width=\"332\" height=\"221\" \/><\/a>Realizado h\u00e1\u00a013 anos pela \u00e1rea de controle ambiental industrial da Veracel Celulose, o Encontro da Rede de Percep\u00e7\u00e3o de Odor (RPO) aconteceu no dia 16\/03, no munic\u00edpio de Itapebi e contou com a participa\u00e7\u00e3o dos 26 volunt\u00e1rios da rede. Diretores da Veracel e representantes da administra\u00e7\u00e3o p\u00fablica do munic\u00edpio\u00a0tamb\u00e9m participaram do encontro.<u><\/u><u><\/u><\/p>\n<p class=\"m_-4042011330007316164xmsonormal\"><u><\/u>\u00a0<u><\/u><\/p>\n<p class=\"m_-4042011330007316164xmsonormal\">Neste ano, a Veracel trouxe uma novidade para o formato do evento: foi realizado fora da empresa e organizado em conjunto com os volunt\u00e1rios e moradores do munic\u00edpio. \u201c<i>Tivemos a oportunidade de apresentar os talentos e riquezas que a cidade tem para todos os participantes da RPO e convidados<\/i>\u201d, comemorou a volunt\u00e1ria Herm\u00ednia Oliveira da Concei\u00e7\u00e3o. <u><\/u><u><\/u><\/p>\n<p class=\"m_-4042011330007316164xmsonormal\">O objetivo do encontro anual \u00e9 apresentar o resultado das ocorr\u00eancias de odor nas comunidades para os volunt\u00e1rios, realizar treinamento e integrar empresa e volunt\u00e1rios. A Rede \u00e9 formada por moradores de Itapebi, Itagimirim, Belmonte, Santa Maria Eterna, Eun\u00e1polis, Mundo Novo, Projeto Maravilha, Vera Cruz e Barrol\u00e2ndia.<u><\/u><u><\/u><\/p>\n<p class=\"m_-4042011330007316164xmsonormal\">\u00a0<a href=\"http:\/\/www.maisbn.com\/portal\/wp-content\/uploads\/2019\/03\/Mosaico1.jpg\"><img loading=\"lazy\" decoding=\"async\" class=\"aligncenter size-full wp-image-21596\" src=\"http:\/\/www.maisbn.com\/portal\/wp-content\/uploads\/2019\/03\/Mosaico1.jpg\" alt=\"Mosaico\" width=\"650\" height=\"433\" \/><\/a><u><\/u><u><\/u><\/p>\n<p class=\"m_-4042011330007316164xmsonormal\"><b>VALORIZA\u00c7\u00c3O DA CULTURA LOCAL &#8211; <\/b>\u201c<i>A ideia de planejar e executar o evento junto com os volunt\u00e1rios e moradores de Itapebi foi aprovada de imediato pela comunidade<\/i>\u201d, conta o coordenador de controle ambiental da Veracel, Tarciso Matos.\u00a0 Em parceria com a Veracel, a comunidade definiu a programa\u00e7\u00e3o e mobilizou recursos para realiza\u00e7\u00e3o do evento. Todos os servi\u00e7os para realiza\u00e7\u00e3o do encontro foram contratados no com\u00e9rcio local.<u><\/u><u><\/u><\/p>\n<p class=\"m_-4042011330007316164xmsonormal\">A recep\u00e7\u00e3o dos convidados foi feita pela Guarda Mirim do munic\u00edpio que \u00e9 formada por cerca de 80 jovens e coordenada voluntariamente por Romildo Jesus, policial militar h\u00e1 16 anos. Jesus explicou que os jovens se encontram tr\u00eas vezes por semana para atividades educativas sobre princ\u00edpios morais, \u00e9ticos e cidadania. \u201c<i>Pais e respons\u00e1veis tamb\u00e9m s\u00e3o envolvidos nos encontros como forma de fortalecer a rela\u00e7\u00e3o familiar<\/i>\u201d, ressaltou o policial.<u><\/u><u><\/u><\/p>\n<p class=\"m_-4042011330007316164xmsonormal\">O agricultor Cl\u00f3vis Sobrinho e a professora aposentada Vilma Silva Ribeiro foram os contadores da hist\u00f3ria do munic\u00edpio. Aos 75 anos, Sobrinho contou com detalhes sobre a import\u00e2ncia de Cachoeirinha, povoado que surgiu \u00e0s margens do rio Jequitinhonha e que deu origem ao munic\u00edpio. O local era ponto de encontro dos tropeiros e das canoas que transportavam alimentos que abasteciam a regi\u00e3o.<u><\/u><u><\/u><\/p>\n<p class=\"m_-4042011330007316164xmsonormal\">A professora Vilma, que possui cerca de 300 p\u00e1ginas com os mais diversos registros sobre Itapebi, apresentou alguns recortes desse estudo. Entre as mem\u00f3rias, os dramas das enchentes na cidade baixa na d\u00e9cada de 70, a <i>vassoura de bruxa<\/i> que se alastrou pelos plantios da regi\u00e3o e como a canoa de madeira com 19 metros, principal meio de transporte da \u00e9poca, era importante para o escoamento da produ\u00e7\u00e3o de alimento e cacau.<u><\/u><u><\/u><\/p>\n<p class=\"m_-4042011330007316164xmsonormal\">\u00a0<u><\/u><u><\/u><\/p>\n<p class=\"m_-4042011330007316164xmsonormal\"><b>REDE DE PERCEP\u00c7\u00c3O DE ODOR \u2013<\/b> A Rede de Percep\u00e7\u00e3o de Odor (RPO) foi implementada pela Veracel, em 2005, em atendimento a uma condicionante ambiental da Licen\u00e7a de Opera\u00e7\u00e3o da f\u00e1brica. Ela \u00e9 formada por um grupo\u00a0com\u00a026 volunt\u00e1rios que s\u00e3o treinados para identificar o odor caracter\u00edstico da produ\u00e7\u00e3o de celulose. A iniciativa ajuda a empresa a manter o controle ambiental da f\u00e1brica de celulose. \u201c<i>O odor n\u00e3o faz mal \u00e0 sa\u00fade, mas\u00a0o cheiro pode\u00a0incomodar as pessoas. Por isso, \u00e9\u00a0de nossa responsabilidade\u00a0garantir\u00a0o melhor\u00a0controle dos equipamentos de controle atmosf\u00e9rico,\u00a0e as comunica\u00e7\u00f5es de odor realizadas pelos volunt\u00e1rios da rede nos ajudam a entender se estamos no caminho certo\u00a0ou se precisamos melhorar<\/i>\u201d, refor\u00e7ou Matos.<u><\/u><u><\/u><\/p>\n<p class=\"m_-4042011330007316164xmsonormal\">No \u00faltimo ano, foram registradas apenas duas ocorr\u00eancias de odor\u00a0na comunidade.<\/p>\n","protected":false},"excerpt":{"rendered":"<p>Realizado h\u00e1\u00a013 anos pela \u00e1rea de controle ambiental industrial da Veracel Celulose, o Encontro da Rede de Percep\u00e7\u00e3o de Odor (RPO) aconteceu no dia 16\/03, no munic\u00edpio de Itapebi e contou com a participa\u00e7\u00e3o dos 26 volunt\u00e1rios da rede. Diretores da Veracel e representantes da administra\u00e7\u00e3o p\u00fablica do munic\u00edpio\u00a0tamb\u00e9m participaram do encontro. \u00a0 Neste ano, [&hellip;]<\/p>\n","protected":false},"author":1,"featured_media":21592,"comment_status":"open","ping_status":"open","sticky":false,"template":"","format":"standard","meta":{"footnotes":""},"categories":[33,1],"tags":[],"class_list":["post-21590","post","type-post","status-publish","format-standard","has-post-thumbnail","hentry","category-meio-ambiente","category-noticias"],"_links":{"self":[{"href":"https:\/\/www.maisbn.com\/portal\/wp-json\/wp\/v2\/posts\/21590","targetHints":{"allow":["GET"]}}],"collection":[{"href":"https:\/\/www.maisbn.com\/portal\/wp-json\/wp\/v2\/posts"}],"about":[{"href":"https:\/\/www.maisbn.com\/portal\/wp-json\/wp\/v2\/types\/post"}],"author":[{"embeddable":true,"href":"https:\/\/www.maisbn.com\/portal\/wp-json\/wp\/v2\/users\/1"}],"replies":[{"embeddable":true,"href":"https:\/\/www.maisbn.com\/portal\/wp-json\/wp\/v2\/comments?post=21590"}],"version-history":[{"count":1,"href":"https:\/\/www.maisbn.com\/portal\/wp-json\/wp\/v2\/posts\/21590\/revisions"}],"predecessor-version":[{"id":21599,"href":"https:\/\/www.maisbn.com\/portal\/wp-json\/wp\/v2\/posts\/21590\/revisions\/21599"}],"wp:featuredmedia":[{"embeddable":true,"href":"https:\/\/www.maisbn.com\/portal\/wp-json\/wp\/v2\/media\/21592"}],"wp:attachment":[{"href":"https:\/\/www.maisbn.com\/portal\/wp-json\/wp\/v2\/media?parent=21590"}],"wp:term":[{"taxonomy":"category","embeddable":true,"href":"https:\/\/www.maisbn.com\/portal\/wp-json\/wp\/v2\/categories?post=21590"},{"taxonomy":"post_tag","embeddable":true,"href":"https:\/\/www.maisbn.com\/portal\/wp-json\/wp\/v2\/tags?post=21590"}],"curies":[{"name":"wp","href":"https:\/\/api.w.org\/{rel}","templated":true}]}}