{"id":21233,"date":"2019-02-19T23:30:58","date_gmt":"2019-02-20T02:30:58","guid":{"rendered":"http:\/\/www.maisbn.com\/portal\/?p=21233"},"modified":"2019-02-19T23:30:58","modified_gmt":"2019-02-20T02:30:58","slug":"deputado-janio-natal-confirma-a-realizacao-do-carnaval-2019-em-belmonte","status":"publish","type":"post","link":"https:\/\/www.maisbn.com\/portal\/2019\/02\/deputado-janio-natal-confirma-a-realizacao-do-carnaval-2019-em-belmonte\/","title":{"rendered":"Deputado J\u00e2nio Natal confirma a realiza\u00e7\u00e3o do Carnaval 2019 em Belmonte."},"content":{"rendered":"<p><iframe loading=\"lazy\" src=\"https:\/\/www.youtube.com\/embed\/dlrgeYWjrc0\" width=\"560\" height=\"315\" frameborder=\"0\" allowfullscreen=\"allowfullscreen\"><\/iframe><\/p>\n<p>O Deputado Estadual J\u00e2nio Natal postou um v\u00eddeo em suas redes sociais na noite dessa ter\u00e7a-feira (19\/02) para confirmar a realiza\u00e7\u00e3o do Carnaval 2019 em Belmonte. A festa tinha grande possibilidade de ser cancelada, conforme comunicado do Prefeito Janival Borges, por causa da crise que afetou as finan\u00e7as do munic\u00edpio. Na ocasi\u00e3o, o gestor belmontense informou que a realiza\u00e7\u00e3o do Carnaval apenas com recursos pr\u00f3prios poderia p\u00f4r em risco as finan\u00e7as do munic\u00edpio e afetar servi\u00e7os p\u00fablicos essenciais \u00e0 popula\u00e7\u00e3o.<\/p>\n<p>Na grava\u00e7\u00e3o, o Deputado J\u00e2nio Natal agradeceu ao Governador Rui Costa pelo aporte de recursos atrav\u00e9s da BAHIATURSA. Em conversa com o Secret\u00e1rio Municipal de Cultura e Turismo, Herculano Assis, o mesmo informou que a finaliza\u00e7\u00e3o da grade de atra\u00e7\u00f5es est\u00e1 dependendo apenas da defini\u00e7\u00e3o da BAHIATURSA. O Secret\u00e1rio ainda ressaltou que a festa contar\u00e1 com hor\u00e1rios diferentes esse ano e que novidades ainda ser\u00e3o anunciada com rela\u00e7\u00e3o \u00e0 estrutura empregada, hor\u00e1rios de pared\u00f5es de som e desfiles dos blocos culturais.<\/p>\n","protected":false},"excerpt":{"rendered":"<p>O Deputado Estadual J\u00e2nio Natal postou um v\u00eddeo em suas redes sociais na noite dessa ter\u00e7a-feira (19\/02) para confirmar a realiza\u00e7\u00e3o do Carnaval 2019 em Belmonte. A festa tinha grande possibilidade de ser cancelada, conforme comunicado do Prefeito Janival Borges, por causa da crise que afetou as finan\u00e7as do munic\u00edpio. Na ocasi\u00e3o, o gestor belmontense [&hellip;]<\/p>\n","protected":false},"author":7,"featured_media":21235,"comment_status":"open","ping_status":"open","sticky":false,"template":"","format":"standard","meta":{"footnotes":""},"categories":[45,1],"tags":[108],"class_list":["post-21233","post","type-post","status-publish","format-standard","has-post-thumbnail","hentry","category-cidades","category-noticias","tag-belmonte"],"_links":{"self":[{"href":"https:\/\/www.maisbn.com\/portal\/wp-json\/wp\/v2\/posts\/21233","targetHints":{"allow":["GET"]}}],"collection":[{"href":"https:\/\/www.maisbn.com\/portal\/wp-json\/wp\/v2\/posts"}],"about":[{"href":"https:\/\/www.maisbn.com\/portal\/wp-json\/wp\/v2\/types\/post"}],"author":[{"embeddable":true,"href":"https:\/\/www.maisbn.com\/portal\/wp-json\/wp\/v2\/users\/7"}],"replies":[{"embeddable":true,"href":"https:\/\/www.maisbn.com\/portal\/wp-json\/wp\/v2\/comments?post=21233"}],"version-history":[{"count":2,"href":"https:\/\/www.maisbn.com\/portal\/wp-json\/wp\/v2\/posts\/21233\/revisions"}],"predecessor-version":[{"id":21236,"href":"https:\/\/www.maisbn.com\/portal\/wp-json\/wp\/v2\/posts\/21233\/revisions\/21236"}],"wp:featuredmedia":[{"embeddable":true,"href":"https:\/\/www.maisbn.com\/portal\/wp-json\/wp\/v2\/media\/21235"}],"wp:attachment":[{"href":"https:\/\/www.maisbn.com\/portal\/wp-json\/wp\/v2\/media?parent=21233"}],"wp:term":[{"taxonomy":"category","embeddable":true,"href":"https:\/\/www.maisbn.com\/portal\/wp-json\/wp\/v2\/categories?post=21233"},{"taxonomy":"post_tag","embeddable":true,"href":"https:\/\/www.maisbn.com\/portal\/wp-json\/wp\/v2\/tags?post=21233"}],"curies":[{"name":"wp","href":"https:\/\/api.w.org\/{rel}","templated":true}]}}