{"id":21210,"date":"2019-02-18T10:46:09","date_gmt":"2019-02-18T13:46:09","guid":{"rendered":"http:\/\/www.maisbn.com\/portal\/?p=21210"},"modified":"2019-02-18T11:27:56","modified_gmt":"2019-02-18T14:27:56","slug":"incendio-de-grandes-proporcoes-atinge-patio-de-carros-apreendidos-em-porto-seguro","status":"publish","type":"post","link":"https:\/\/www.maisbn.com\/portal\/2019\/02\/incendio-de-grandes-proporcoes-atinge-patio-de-carros-apreendidos-em-porto-seguro\/","title":{"rendered":"Inc\u00eandio de grandes propor\u00e7\u00f5es atinge p\u00e1tio de carros apreendidos em Porto Seguro."},"content":{"rendered":"<p><a href=\"http:\/\/www.maisbn.com\/portal\/wp-content\/uploads\/2019\/02\/psf1-1024x576.jpg\"><img loading=\"lazy\" decoding=\"async\" class=\"aligncenter wp-image-21212\" src=\"http:\/\/www.maisbn.com\/portal\/wp-content\/uploads\/2019\/02\/psf1-1024x576-1000x563.jpg\" alt=\"psf1-1024x576\" width=\"600\" height=\"338\" srcset=\"https:\/\/www.maisbn.com\/portal\/wp-content\/uploads\/2019\/02\/psf1-1024x576-1000x563.jpg 1000w, https:\/\/www.maisbn.com\/portal\/wp-content\/uploads\/2019\/02\/psf1-1024x576.jpg 1024w\" sizes=\"auto, (max-width: 600px) 100vw, 600px\" \/><\/a><\/p>\n<p>Um inc\u00eandio, de causas ainda n\u00e3o apuradas, atingiu um p\u00e1tio de ve\u00edculos usado pela Prefeitura Municipal de Porto Seguro na noite desse domingo (17\/02). O local era usado para guardar carros apreendidos que eram usados no transporte ilegal de passageiros (Lota\u00e7\u00f5es), bem como, ve\u00edculos usados pela gest\u00e3o municipal e algumas sucatas. O inc\u00eandio foi de grandes propor\u00e7\u00f5es e o 6\u00ba Grupamento de Bombeiros Militar teve que enviar v\u00e1rias unidades para conter as chamas que j\u00e1 amea\u00e7avam casas vizinhas ao p\u00e1tio.<\/p>\n<p>A Secretaria Municipal de Servi\u00e7os P\u00fablicos e Tr\u00e2nsito informou que j\u00e1 registrou um Boletim de Ocorr\u00eancia sobre a situa\u00e7\u00e3o e que est\u00e1 cobrando uma uma rigorosa apura\u00e7\u00e3o do acontecido. O \u00f3rg\u00e3o tamb\u00e9m informou que o n\u00famero de carros apreendidos atingidos pelo fogo n\u00e3o foi alto e que uma avalia\u00e7\u00e3o estar\u00e1 sendo feita na manh\u00e3 dessa segunda-feira (18\/02) para basear as medidas a serem tomadas pela Prefeitura de Porto Seguro.<\/p>\n<p>&nbsp;<iframe loading=\"lazy\" width=\"560\" height=\"315\" src=\"https:\/\/www.youtube.com\/embed\/jJkN-nPkfQk\" frameborder=\"0\" allow=\"accelerometer; autoplay; encrypted-media; gyroscope; picture-in-picture\" allowfullscreen><\/iframe><\/p>\n<p>A oposi\u00e7\u00e3o \u00e0 Prefeita Claudia Oliveira fez diversos ataques nas redes sociais acusando que o local usado como p\u00e1tio, era na verdade, um novo Posto de Sa\u00fade da Fam\u00edlia (PSF) j\u00e1 pronto, faltando apenas equipar e com data de inaugura\u00e7\u00e3o ainda marcada. A oposi\u00e7\u00e3o acusa a gest\u00e3o municipal de Porto Seguro de deixar o povo sem a estrutura por esperar um melhor momento pol\u00edtico para inaugur\u00e1-la, possivelmente pr\u00f3ximo \u00e0s elei\u00e7\u00f5es municipais. Diante disso, irresponsavelmente, o local foi transformado em um dep\u00f3sito de carros apreendidos. A estrutura nova e ainda n\u00e3o inaugurada estava dentro da \u00e1rea atingida pelo fogo, mas n\u00e3o foi divulgado ainda o tamanho dos estragos no pr\u00e9dio.<\/p>\n","protected":false},"excerpt":{"rendered":"<p>Um inc\u00eandio, de causas ainda n\u00e3o apuradas, atingiu um p\u00e1tio de ve\u00edculos usado pela Prefeitura Municipal de Porto Seguro na noite desse domingo (17\/02). O local era usado para guardar carros apreendidos que eram usados no transporte ilegal de passageiros (Lota\u00e7\u00f5es), bem como, ve\u00edculos usados pela gest\u00e3o municipal e algumas sucatas. O inc\u00eandio foi de [&hellip;]<\/p>\n","protected":false},"author":7,"featured_media":21212,"comment_status":"open","ping_status":"open","sticky":false,"template":"","format":"standard","meta":{"footnotes":""},"categories":[45,1],"tags":[108],"class_list":["post-21210","post","type-post","status-publish","format-standard","has-post-thumbnail","hentry","category-cidades","category-noticias","tag-belmonte"],"_links":{"self":[{"href":"https:\/\/www.maisbn.com\/portal\/wp-json\/wp\/v2\/posts\/21210","targetHints":{"allow":["GET"]}}],"collection":[{"href":"https:\/\/www.maisbn.com\/portal\/wp-json\/wp\/v2\/posts"}],"about":[{"href":"https:\/\/www.maisbn.com\/portal\/wp-json\/wp\/v2\/types\/post"}],"author":[{"embeddable":true,"href":"https:\/\/www.maisbn.com\/portal\/wp-json\/wp\/v2\/users\/7"}],"replies":[{"embeddable":true,"href":"https:\/\/www.maisbn.com\/portal\/wp-json\/wp\/v2\/comments?post=21210"}],"version-history":[{"count":4,"href":"https:\/\/www.maisbn.com\/portal\/wp-json\/wp\/v2\/posts\/21210\/revisions"}],"predecessor-version":[{"id":21215,"href":"https:\/\/www.maisbn.com\/portal\/wp-json\/wp\/v2\/posts\/21210\/revisions\/21215"}],"wp:featuredmedia":[{"embeddable":true,"href":"https:\/\/www.maisbn.com\/portal\/wp-json\/wp\/v2\/media\/21212"}],"wp:attachment":[{"href":"https:\/\/www.maisbn.com\/portal\/wp-json\/wp\/v2\/media?parent=21210"}],"wp:term":[{"taxonomy":"category","embeddable":true,"href":"https:\/\/www.maisbn.com\/portal\/wp-json\/wp\/v2\/categories?post=21210"},{"taxonomy":"post_tag","embeddable":true,"href":"https:\/\/www.maisbn.com\/portal\/wp-json\/wp\/v2\/tags?post=21210"}],"curies":[{"name":"wp","href":"https:\/\/api.w.org\/{rel}","templated":true}]}}