{"id":21195,"date":"2019-02-15T09:38:20","date_gmt":"2019-02-15T12:38:20","guid":{"rendered":"http:\/\/www.maisbn.com\/portal\/?p=21195"},"modified":"2019-02-15T09:38:20","modified_gmt":"2019-02-15T12:38:20","slug":"reuniao-discute-proposta-de-instalacao-de-cameras-de-monitoramento-em-cabralia","status":"publish","type":"post","link":"https:\/\/www.maisbn.com\/portal\/2019\/02\/reuniao-discute-proposta-de-instalacao-de-cameras-de-monitoramento-em-cabralia\/","title":{"rendered":"Reuni\u00e3o discute proposta de instala\u00e7\u00e3o de c\u00e2meras de monitoramento em Cabr\u00e1lia."},"content":{"rendered":"<p><a href=\"http:\/\/www.maisbn.com\/portal\/wp-content\/uploads\/2019\/02\/reuniaodesegurancacabralia.jpg\"><img loading=\"lazy\" decoding=\"async\" class=\"aligncenter  wp-image-21196\" src=\"http:\/\/www.maisbn.com\/portal\/wp-content\/uploads\/2019\/02\/reuniaodesegurancacabralia.jpg\" alt=\"reuniaodesegurancacabralia\" width=\"600\" height=\"450\" \/><\/a><\/p>\n<p>O Prefeito de Santa Cruz Cabr\u00e1lia, Agnelo Santos, se reuniu nessa quinta-feira (14\/02) com o Comandante do 8\u00ba Batalh\u00e3o, Major Anacleto Fran\u00e7a para tratar do funcionamento do Ensino Militar na Escola Municipal Victorino da Purifica\u00e7\u00e3o Figueiredo, no Distrito de Coroa Vermelha. A reuni\u00e3o tamb\u00e9m serviu para tratar de uma parceria entre o munic\u00edpio e a Pol\u00edcia Militar para a instala\u00e7\u00e3o de c\u00e2meras de seguran\u00e7a nas ruas e da abertura de um Posto Policial no Bairro Campinho.<\/p>\n<p><a href=\"http:\/\/www.maisbn.com\/portal\/wp-content\/uploads\/2019\/02\/reuniaodesegurancabralia02.jpg\"><img loading=\"lazy\" decoding=\"async\" class=\"aligncenter  wp-image-21197\" src=\"http:\/\/www.maisbn.com\/portal\/wp-content\/uploads\/2019\/02\/reuniaodesegurancabralia02.jpg\" alt=\"reuniaodesegurancabralia02\" width=\"600\" height=\"477\" \/><\/a><\/p>\n<p>Agnelo informou a jornalistas que pretende implantar um sistema de v\u00eddeo-monitoramento que ter\u00e1 a sua base em Cabr\u00e1lia, onde, em tempo real, as informa\u00e7\u00f5es e ocorr\u00eancias ser\u00e3o repassadas para as for\u00e7as de seguran\u00e7a.\u00a0<strong><em>\u201cEssa importante ferramenta tecnol\u00f3gica ser\u00e1 um grande aliado das for\u00e7as de seguran\u00e7a no combate r\u00e1pido e preciso contra a viol\u00eancia urbana\u201d <\/em><\/strong>&#8211; afirmou o prefeito.<\/p>\n","protected":false},"excerpt":{"rendered":"<p>O Prefeito de Santa Cruz Cabr\u00e1lia, Agnelo Santos, se reuniu nessa quinta-feira (14\/02) com o Comandante do 8\u00ba Batalh\u00e3o, Major Anacleto Fran\u00e7a para tratar do funcionamento do Ensino Militar na Escola Municipal Victorino da Purifica\u00e7\u00e3o Figueiredo, no Distrito de Coroa Vermelha. A reuni\u00e3o tamb\u00e9m serviu para tratar de uma parceria entre o munic\u00edpio e a [&hellip;]<\/p>\n","protected":false},"author":7,"featured_media":21196,"comment_status":"open","ping_status":"open","sticky":false,"template":"","format":"standard","meta":{"footnotes":""},"categories":[45,1],"tags":[],"class_list":["post-21195","post","type-post","status-publish","format-standard","has-post-thumbnail","hentry","category-cidades","category-noticias"],"_links":{"self":[{"href":"https:\/\/www.maisbn.com\/portal\/wp-json\/wp\/v2\/posts\/21195","targetHints":{"allow":["GET"]}}],"collection":[{"href":"https:\/\/www.maisbn.com\/portal\/wp-json\/wp\/v2\/posts"}],"about":[{"href":"https:\/\/www.maisbn.com\/portal\/wp-json\/wp\/v2\/types\/post"}],"author":[{"embeddable":true,"href":"https:\/\/www.maisbn.com\/portal\/wp-json\/wp\/v2\/users\/7"}],"replies":[{"embeddable":true,"href":"https:\/\/www.maisbn.com\/portal\/wp-json\/wp\/v2\/comments?post=21195"}],"version-history":[{"count":1,"href":"https:\/\/www.maisbn.com\/portal\/wp-json\/wp\/v2\/posts\/21195\/revisions"}],"predecessor-version":[{"id":21198,"href":"https:\/\/www.maisbn.com\/portal\/wp-json\/wp\/v2\/posts\/21195\/revisions\/21198"}],"wp:featuredmedia":[{"embeddable":true,"href":"https:\/\/www.maisbn.com\/portal\/wp-json\/wp\/v2\/media\/21196"}],"wp:attachment":[{"href":"https:\/\/www.maisbn.com\/portal\/wp-json\/wp\/v2\/media?parent=21195"}],"wp:term":[{"taxonomy":"category","embeddable":true,"href":"https:\/\/www.maisbn.com\/portal\/wp-json\/wp\/v2\/categories?post=21195"},{"taxonomy":"post_tag","embeddable":true,"href":"https:\/\/www.maisbn.com\/portal\/wp-json\/wp\/v2\/tags?post=21195"}],"curies":[{"name":"wp","href":"https:\/\/api.w.org\/{rel}","templated":true}]}}