{"id":21192,"date":"2019-02-15T09:10:03","date_gmt":"2019-02-15T12:10:03","guid":{"rendered":"http:\/\/www.maisbn.com\/portal\/?p=21192"},"modified":"2019-02-15T09:10:03","modified_gmt":"2019-02-15T12:10:03","slug":"vereador-alfredo-promove-reuniao-para-discutir-o-video-monitoramento-das-ruas-de-belmonte","status":"publish","type":"post","link":"https:\/\/www.maisbn.com\/portal\/2019\/02\/vereador-alfredo-promove-reuniao-para-discutir-o-video-monitoramento-das-ruas-de-belmonte\/","title":{"rendered":"Vereador Alfredo promove reuni\u00e3o para discutir o v\u00eddeo-monitoramento das ruas de Belmonte."},"content":{"rendered":"<p><a href=\"http:\/\/www.maisbn.com\/portal\/wp-content\/uploads\/2019\/02\/WhatsApp-Image-2019-02-13-at-11.54.31-PM.jpeg\"><img loading=\"lazy\" decoding=\"async\" class=\"aligncenter  wp-image-21193\" src=\"http:\/\/www.maisbn.com\/portal\/wp-content\/uploads\/2019\/02\/WhatsApp-Image-2019-02-13-at-11.54.31-PM-1000x748.jpeg\" alt=\"WhatsApp Image 2019-02-13 at 11.54.31 PM\" width=\"600\" height=\"449\" srcset=\"https:\/\/www.maisbn.com\/portal\/wp-content\/uploads\/2019\/02\/WhatsApp-Image-2019-02-13-at-11.54.31-PM-1000x748.jpeg 1000w, https:\/\/www.maisbn.com\/portal\/wp-content\/uploads\/2019\/02\/WhatsApp-Image-2019-02-13-at-11.54.31-PM.jpeg 1280w\" sizes=\"auto, (max-width: 600px) 100vw, 600px\" \/><\/a><\/p>\n<p>No \u00faltimo dia 13\/02 0 Vereador e Policial Civil Alfredo Aberceb se reuniu com empres\u00e1rios e moradores de Belmonte no sal\u00e3o do plen\u00e1rio da C\u00e2mara para tratar da proposta de instala\u00e7\u00e3o de c\u00e2maras de monitoramento em diferentes pontos da cidade para coibir a a\u00e7\u00e3o de bandidos e melhorar o trabalho das pol\u00edcias Civil e Militar.<\/p>\n<p>Tamb\u00e9m esteve presente na reuni\u00e3o o Delegado Titular de Belmonte, Dr.Wendel Ferreira, onde o mesmo exp\u00f4s a todos a realidade da seguran\u00e7a em Belmonte, as a\u00e7\u00f5es de combate realizadas pelas for\u00e7as de seguran\u00e7a e como o v\u00eddeo-monitoramento pode se tornar uma importante ferramenta no combate \u00e0 criminalidade. <strong><em>&#8220;Um carro suspeito, uma pessoa diferente, um assalto, tudo \u00e9 monitorado e gravado pelas c\u00e2meras de seguran\u00e7a e co\u00edbe a a\u00e7\u00e3o dos criminosos porque tira o privil\u00e9gio do anonimato do autor. Ele vai pensar duas vezes em cometer delitos se ele souber que pode ser facilmente identificado.&#8221;<\/em> <\/strong>&#8211; Finalizou Dr. Wuendel.<\/p>\n<p>O vereador Alfredo Aberceb conversou com nossa reportagem e revelou que continuar\u00e1 lutando para expandir o n\u00famero de c\u00e2meras na cidade e que pretende tamb\u00e9m contemplar o interior do munic\u00edpio com a cobertura de v\u00eddeo-monitoramento. <strong><em>&#8220;O que eu preciso \u00e9 de parceiros\u00a0 para dar andamento a esse projeto t\u00e3o importante. Tenho conversado com v\u00e1rios empres\u00e1rios que se demonstraram sens\u00edveis ao tema. Continuarei lutando para promover mais seguran\u00e7a para todos os belmontenses.&#8221;<\/em><\/strong> &#8211; Finalizou Alfredo.<\/p>\n<p>&nbsp;<\/p>\n","protected":false},"excerpt":{"rendered":"<p>No \u00faltimo dia 13\/02 0 Vereador e Policial Civil Alfredo Aberceb se reuniu com empres\u00e1rios e moradores de Belmonte no sal\u00e3o do plen\u00e1rio da C\u00e2mara para tratar da proposta de instala\u00e7\u00e3o de c\u00e2maras de monitoramento em diferentes pontos da cidade para coibir a a\u00e7\u00e3o de bandidos e melhorar o trabalho das pol\u00edcias Civil e Militar. [&hellip;]<\/p>\n","protected":false},"author":7,"featured_media":21193,"comment_status":"open","ping_status":"open","sticky":false,"template":"","format":"standard","meta":{"footnotes":""},"categories":[45,1],"tags":[],"class_list":["post-21192","post","type-post","status-publish","format-standard","has-post-thumbnail","hentry","category-cidades","category-noticias"],"_links":{"self":[{"href":"https:\/\/www.maisbn.com\/portal\/wp-json\/wp\/v2\/posts\/21192","targetHints":{"allow":["GET"]}}],"collection":[{"href":"https:\/\/www.maisbn.com\/portal\/wp-json\/wp\/v2\/posts"}],"about":[{"href":"https:\/\/www.maisbn.com\/portal\/wp-json\/wp\/v2\/types\/post"}],"author":[{"embeddable":true,"href":"https:\/\/www.maisbn.com\/portal\/wp-json\/wp\/v2\/users\/7"}],"replies":[{"embeddable":true,"href":"https:\/\/www.maisbn.com\/portal\/wp-json\/wp\/v2\/comments?post=21192"}],"version-history":[{"count":1,"href":"https:\/\/www.maisbn.com\/portal\/wp-json\/wp\/v2\/posts\/21192\/revisions"}],"predecessor-version":[{"id":21194,"href":"https:\/\/www.maisbn.com\/portal\/wp-json\/wp\/v2\/posts\/21192\/revisions\/21194"}],"wp:featuredmedia":[{"embeddable":true,"href":"https:\/\/www.maisbn.com\/portal\/wp-json\/wp\/v2\/media\/21193"}],"wp:attachment":[{"href":"https:\/\/www.maisbn.com\/portal\/wp-json\/wp\/v2\/media?parent=21192"}],"wp:term":[{"taxonomy":"category","embeddable":true,"href":"https:\/\/www.maisbn.com\/portal\/wp-json\/wp\/v2\/categories?post=21192"},{"taxonomy":"post_tag","embeddable":true,"href":"https:\/\/www.maisbn.com\/portal\/wp-json\/wp\/v2\/tags?post=21192"}],"curies":[{"name":"wp","href":"https:\/\/api.w.org\/{rel}","templated":true}]}}