{"id":21184,"date":"2019-02-14T15:11:15","date_gmt":"2019-02-14T18:11:15","guid":{"rendered":"http:\/\/www.maisbn.com\/portal\/?p=21184"},"modified":"2019-02-14T15:12:23","modified_gmt":"2019-02-14T18:12:23","slug":"prefeito-fala-sobre-o-carnaval-e-desmente-boatos-sobre-brigas-entre-ele-e-o-deputado-janio-natal","status":"publish","type":"post","link":"https:\/\/www.maisbn.com\/portal\/2019\/02\/prefeito-fala-sobre-o-carnaval-e-desmente-boatos-sobre-brigas-entre-ele-e-o-deputado-janio-natal\/","title":{"rendered":"Prefeito fala sobre o carnaval e desmente boatos sobre brigas entre ele e o Deputado J\u00e2nio Natal."},"content":{"rendered":"<p><a href=\"http:\/\/www.maisbn.com\/portal\/wp-content\/uploads\/2017\/10\/janival_passeata.jpg\"><img loading=\"lazy\" decoding=\"async\" class=\"aligncenter size-full wp-image-16474\" src=\"http:\/\/www.maisbn.com\/portal\/wp-content\/uploads\/2017\/10\/janival_passeata.jpg\" alt=\"janival_passeata\" width=\"600\" height=\"438\" \/><\/a><\/p>\n<p>Na manh\u00e3 dessa quinta-feira (14\/02) nossa equipe conseguiu uma r\u00e1pida conversa com o Prefeito Janival Borges, onde fizemos questionamentos sobre as \u00faltimas informa\u00e7\u00f5es noticiadas na imprensa que constam uma suposta briga entre o mesmo e o Deputado Estadual J\u00e2nio Natal. Tamb\u00e9m procuramos saber se h\u00e1 defini\u00e7\u00e3o sobre a realiza\u00e7\u00e3o do Carnaval 2019 em Belmonte.<\/p>\n<p>O mandat\u00e1rio belmontense informou que n\u00e3o tomou conhecimento de not\u00edcias sobre brigas entre ele e J\u00e2nio Natal. O mesmo ainda colocou que esteve na posse dos novos Secret\u00e1rios Estaduais em Salvador e que nessa data o Deputado J\u00e2nio Natal estava cumprindo agenda pol\u00edtica em Porto Seguro, onde estava recebendo lideran\u00e7as regionais. &#8220;<strong><em>Eu nem sabia que estava rolando essa conversa. Deixo claro que n\u00e3o h\u00e1 nenhuma briga e que estamos juntos na busca de investimentos para Belmonte. Essas informa\u00e7\u00f5es n\u00e3o passam de fake news espalhadas por algum blog sem express\u00e3o querendo o seu minuto de fama inventando mentiras.&#8221;<\/em><\/strong> &#8211; Comentou o gestor.<\/p>\n<p>Sobre o Carnaval 2019 em Belmonte, o Prefeito Janival Borges informou que ainda n\u00e3o h\u00e1 um posicionamento, mas que, estar\u00e1 informando \u00e0 comunidade a sua decis\u00e3o final nos pr\u00f3ximos dias. O gestor informou que o seu objetivo principal \u00e9 preservar a sa\u00fade financeira do munic\u00edpio e que ainda est\u00e1 negociando a obten\u00e7\u00e3o de recursos por meio da BAHIATURSA para promover a festa. <em><strong>&#8220;Estou buscando recursos junto ao Governo do Estado, com a ajuda do Deputado J\u00e2nio Natal, para promover o Carnaval, j\u00e1 que, a Prefeitura n\u00e3o tem condi\u00e7\u00f5es de bancar toda a festa sozinha. Acredito que nos pr\u00f3ximos dias teremos uma defini\u00e7\u00e3o final sobre o assunto.&#8221;<\/strong><\/em> &#8211; Finalizou o gestor.<\/p>\n","protected":false},"excerpt":{"rendered":"<p>Na manh\u00e3 dessa quinta-feira (14\/02) nossa equipe conseguiu uma r\u00e1pida conversa com o Prefeito Janival Borges, onde fizemos questionamentos sobre as \u00faltimas informa\u00e7\u00f5es noticiadas na imprensa que constam uma suposta briga entre o mesmo e o Deputado Estadual J\u00e2nio Natal. Tamb\u00e9m procuramos saber se h\u00e1 defini\u00e7\u00e3o sobre a realiza\u00e7\u00e3o do Carnaval 2019 em Belmonte. O [&hellip;]<\/p>\n","protected":false},"author":7,"featured_media":16986,"comment_status":"open","ping_status":"open","sticky":false,"template":"","format":"standard","meta":{"footnotes":""},"categories":[45,1],"tags":[],"class_list":["post-21184","post","type-post","status-publish","format-standard","has-post-thumbnail","hentry","category-cidades","category-noticias"],"_links":{"self":[{"href":"https:\/\/www.maisbn.com\/portal\/wp-json\/wp\/v2\/posts\/21184","targetHints":{"allow":["GET"]}}],"collection":[{"href":"https:\/\/www.maisbn.com\/portal\/wp-json\/wp\/v2\/posts"}],"about":[{"href":"https:\/\/www.maisbn.com\/portal\/wp-json\/wp\/v2\/types\/post"}],"author":[{"embeddable":true,"href":"https:\/\/www.maisbn.com\/portal\/wp-json\/wp\/v2\/users\/7"}],"replies":[{"embeddable":true,"href":"https:\/\/www.maisbn.com\/portal\/wp-json\/wp\/v2\/comments?post=21184"}],"version-history":[{"count":3,"href":"https:\/\/www.maisbn.com\/portal\/wp-json\/wp\/v2\/posts\/21184\/revisions"}],"predecessor-version":[{"id":21187,"href":"https:\/\/www.maisbn.com\/portal\/wp-json\/wp\/v2\/posts\/21184\/revisions\/21187"}],"wp:featuredmedia":[{"embeddable":true,"href":"https:\/\/www.maisbn.com\/portal\/wp-json\/wp\/v2\/media\/16986"}],"wp:attachment":[{"href":"https:\/\/www.maisbn.com\/portal\/wp-json\/wp\/v2\/media?parent=21184"}],"wp:term":[{"taxonomy":"category","embeddable":true,"href":"https:\/\/www.maisbn.com\/portal\/wp-json\/wp\/v2\/categories?post=21184"},{"taxonomy":"post_tag","embeddable":true,"href":"https:\/\/www.maisbn.com\/portal\/wp-json\/wp\/v2\/tags?post=21184"}],"curies":[{"name":"wp","href":"https:\/\/api.w.org\/{rel}","templated":true}]}}