{"id":21177,"date":"2019-02-14T14:38:13","date_gmt":"2019-02-14T17:38:13","guid":{"rendered":"http:\/\/www.maisbn.com\/portal\/?p=21177"},"modified":"2019-02-14T14:38:13","modified_gmt":"2019-02-14T17:38:13","slug":"articulacao-e-negociacao-do-vereador-rogerio-bahia-define-o-reajuste-do-piso-salarial-do-magisterio","status":"publish","type":"post","link":"https:\/\/www.maisbn.com\/portal\/2019\/02\/articulacao-e-negociacao-do-vereador-rogerio-bahia-define-o-reajuste-do-piso-salarial-do-magisterio\/","title":{"rendered":"Articula\u00e7\u00e3o e negocia\u00e7\u00e3o do Vereador Rog\u00e9rio Bahia define o reajuste do Piso Salarial do Magist\u00e9rio."},"content":{"rendered":"<p>Nessa quarta-feira (13\/02) aconteceu uma reuni\u00e3o entre o vereador Rog\u00e9rio Bahia, o Secret\u00e1rio Municipal de Educa\u00e7\u00e3o Paulo Carvalho e o Prefeito Janival Borges com o objetivo de discutir a atualiza\u00e7\u00e3o do Piso Salarial do Magist\u00e9rio de Belmonte. A reuni\u00e3o ocorreu de forma muito produtiva onde todas as partes apresentaram id\u00e9ias e posi\u00e7\u00f5es sobre o tema debatido. Durante o di\u00e1logo, o Vereador Rog\u00e9rio Bahia, que tamb\u00e9m \u00e9 vice-coordenador da APLB-Sindicato, reconheceu que a data-base da categoria \u00e9 em maio, mas que, a antecipa\u00e7\u00e3o do reajuste reduzir\u00e1 o trauma financeiro causado pelos retroativos e os poss\u00edveis conflitos com a categoria. <strong><em>&#8220;O objetivo aqui n\u00e3o \u00e9 pressionar a gest\u00e3o, e sim, negociar de forma produtiva, entendendo as limita\u00e7\u00f5es e alcan\u00e7ando uma alternativa melhor para todos os lados envolvidos.&#8221;<\/em><\/strong> &#8211; Comentou Rog\u00e9rio.<\/p>\n<p><a href=\"http:\/\/www.maisbn.com\/portal\/wp-content\/uploads\/2019\/02\/negociacao_piso.jpg\"><img loading=\"lazy\" decoding=\"async\" class=\"aligncenter size-full wp-image-21181\" src=\"http:\/\/www.maisbn.com\/portal\/wp-content\/uploads\/2019\/02\/negociacao_piso.jpg\" alt=\"negociacao_piso\" width=\"600\" height=\"450\" \/><\/a><\/p>\n<p>Por sua vez, o Prefeito Janival Borges ressaltou que o seu principal objetivo \u00e9 a sa\u00fade financeira do munic\u00edpio com o pagamento dos servidores, fornecedores e prestadores de servi\u00e7o dentro dos devidos prazos. Janival ainda defendeu o investimento em melhorias para a popula\u00e7\u00e3o e que o maior desafio \u00e9 resolver essa equa\u00e7\u00e3o e garantir recursos para esses objetivos. <strong><em>&#8220;\u00c9 por esse motivo que estamos buscando ajuda para realizar o Carnaval. N\u00e3o tem como o munic\u00edpio continuar sofrendo e sendo ref\u00e9m das quedas de arrecada\u00e7\u00e3o. Os tempos agora s\u00e3o outros, n\u00e3o temos mais a antiga fartura de recursos e precisamos nos adaptar para essa nova realidade.&#8221;<\/em><\/strong> &#8211; Comentou o gestor.<\/p>\n<p><a href=\"http:\/\/www.maisbn.com\/portal\/wp-content\/uploads\/2019\/02\/negociacao_piso2.jpg\"><img loading=\"lazy\" decoding=\"async\" class=\"aligncenter  wp-image-21182\" src=\"http:\/\/www.maisbn.com\/portal\/wp-content\/uploads\/2019\/02\/negociacao_piso2.jpg\" alt=\"negociacao_piso2\" width=\"601\" height=\"358\" \/><\/a><\/p>\n<p>A reuni\u00e3o foi conclu\u00edda com o entendimento entre as partes de que a antecipa\u00e7\u00e3o imediata do reajuste \u00e9 a melhor decis\u00e3o para a sa\u00fade financeira do munic\u00edpio. O Prefeito Janival Borges, juntamente com o Secret\u00e1rio Paulo Carvalho, finalizou as negocia\u00e7\u00f5es informando que estar\u00e1 enviando o mais r\u00e1pido poss\u00edvel para ser votado na C\u00e2mara de Vereadores o Projeto de Lei que trata do reajuste do Piso Salarial e do retroativo referente ao m\u00eas de Janeiro. <strong><em>&#8220;Eu agrade\u00e7o ao Prefeito Janival Borges e ao Secret\u00e1rio Paulo Carvalho pelo entendimento e o di\u00e1logo produtivo com a categoria. Agora trabalharei na Comiss\u00e3o de Educa\u00e7\u00e3o da C\u00e2mara para agilizar as discuss\u00f5es e colocar o Projeto para a vota\u00e7\u00e3o no plen\u00e1rio o mais r\u00e1pido poss\u00edvel.&#8221;<\/em> <\/strong>&#8211; Finalizou Rog\u00e9rio Bahia.<\/p>\n","protected":false},"excerpt":{"rendered":"<p>Nessa quarta-feira (13\/02) aconteceu uma reuni\u00e3o entre o vereador Rog\u00e9rio Bahia, o Secret\u00e1rio Municipal de Educa\u00e7\u00e3o Paulo Carvalho e o Prefeito Janival Borges com o objetivo de discutir a atualiza\u00e7\u00e3o do Piso Salarial do Magist\u00e9rio de Belmonte. A reuni\u00e3o ocorreu de forma muito produtiva onde todas as partes apresentaram id\u00e9ias e posi\u00e7\u00f5es sobre o tema [&hellip;]<\/p>\n","protected":false},"author":7,"featured_media":21181,"comment_status":"open","ping_status":"open","sticky":false,"template":"","format":"standard","meta":{"footnotes":""},"categories":[8,1],"tags":[],"class_list":["post-21177","post","type-post","status-publish","format-standard","has-post-thumbnail","hentry","category-educacao","category-noticias"],"_links":{"self":[{"href":"https:\/\/www.maisbn.com\/portal\/wp-json\/wp\/v2\/posts\/21177","targetHints":{"allow":["GET"]}}],"collection":[{"href":"https:\/\/www.maisbn.com\/portal\/wp-json\/wp\/v2\/posts"}],"about":[{"href":"https:\/\/www.maisbn.com\/portal\/wp-json\/wp\/v2\/types\/post"}],"author":[{"embeddable":true,"href":"https:\/\/www.maisbn.com\/portal\/wp-json\/wp\/v2\/users\/7"}],"replies":[{"embeddable":true,"href":"https:\/\/www.maisbn.com\/portal\/wp-json\/wp\/v2\/comments?post=21177"}],"version-history":[{"count":2,"href":"https:\/\/www.maisbn.com\/portal\/wp-json\/wp\/v2\/posts\/21177\/revisions"}],"predecessor-version":[{"id":21183,"href":"https:\/\/www.maisbn.com\/portal\/wp-json\/wp\/v2\/posts\/21177\/revisions\/21183"}],"wp:featuredmedia":[{"embeddable":true,"href":"https:\/\/www.maisbn.com\/portal\/wp-json\/wp\/v2\/media\/21181"}],"wp:attachment":[{"href":"https:\/\/www.maisbn.com\/portal\/wp-json\/wp\/v2\/media?parent=21177"}],"wp:term":[{"taxonomy":"category","embeddable":true,"href":"https:\/\/www.maisbn.com\/portal\/wp-json\/wp\/v2\/categories?post=21177"},{"taxonomy":"post_tag","embeddable":true,"href":"https:\/\/www.maisbn.com\/portal\/wp-json\/wp\/v2\/tags?post=21177"}],"curies":[{"name":"wp","href":"https:\/\/api.w.org\/{rel}","templated":true}]}}