{"id":2117,"date":"2013-01-12T11:19:37","date_gmt":"2013-01-12T13:19:37","guid":{"rendered":"http:\/\/www.maisbn.com\/portal\/?p=2117"},"modified":"2013-01-20T10:29:40","modified_gmt":"2013-01-20T12:29:40","slug":"prefeitura-de-porto-seguro-comeca-a-pagar-os-salarios-atrasados","status":"publish","type":"post","link":"https:\/\/www.maisbn.com\/portal\/2013\/01\/prefeitura-de-porto-seguro-comeca-a-pagar-os-salarios-atrasados\/","title":{"rendered":"Prefeitura de Porto Seguro come\u00e7a a pagar os sal\u00e1rios atrasados."},"content":{"rendered":"<p><a href=\"http:\/\/www.maisbn.com\/portal\/wp-content\/uploads\/2013\/01\/Miguel-Ballejo.jpg\"><img loading=\"lazy\" decoding=\"async\" class=\"alignleft size-full wp-image-2118\" alt=\"Miguel-Ballejo\" src=\"http:\/\/www.maisbn.com\/portal\/wp-content\/uploads\/2013\/01\/Miguel-Ballejo.jpg\" width=\"350\" height=\"263\" \/><\/a>Nessa quinta-feira, 10 de janeiro, professores e diretores da rede municipal de ensino come\u00e7aram a receber seus sal\u00e1rios atrasados, referentes ao m\u00eas de dezembro. 75% dos servidores da Educa\u00e7\u00e3o j\u00e1 foram contemplados e de acordo com o secret\u00e1rio Miguel Ballejo, a inten\u00e7\u00e3o \u00e9 saldar toda a folha da sua pasta at\u00e9 a pr\u00f3xima semana. \u201cA prefeita Cl\u00e1udia Oliveira est\u00e1 extremamente preocupada e comprometida em regularizar os sal\u00e1rios de todo o funcionalismo p\u00fablico. Essa \u00e9 uma prioridade da atual administra\u00e7\u00e3o, mas para isso, precisamos ter os recursos em caixa\u201d, salienta Ballejo.<\/p>\n<p>Segundo o secret\u00e1rio, foram pagos inicialmente os funcion\u00e1rios que recebem pelos 60% do Fundeb (Fundo de Manuten\u00e7\u00e3o e Desenvolvimento da Educa\u00e7\u00e3o B\u00e1sica e de Valoriza\u00e7\u00e3o dos Profissionais da Educa\u00e7\u00e3o). \u201cEsses foram os \u00fanicos recursos imediatamente dispon\u00edveis e s\u00f3 poderiam ser utilizados para pagamento dos professores e diretores. O que havia em caixa foi suficiente para pagar a folha de dezembro e assim foi feito\u201d, explica Miguel.<\/p>\n<p>Ele destaca que existem ainda d\u00e9bitos referentes ao m\u00eas de novembro, que alguns n\u00e3o receberam, e o 13\u00ba sal\u00e1rio, que ser\u00e3o pagos assim que os recursos estiverem liberados. Muito sens\u00edvel aos problemas enfrentados pelo funcionalismo p\u00fablico municipal, a prefeita Cl\u00e1udia Oliveira n\u00e3o tem medido esfor\u00e7os para buscar formas de regularizar a situa\u00e7\u00e3o dos servidores. \u201cEsse \u00e9 hoje o principal objetivo da administra\u00e7\u00e3o\u201d, ressalta.<\/p>\n<p><b>Arrumando a casa<\/b><\/p>\n<p>O secret\u00e1rio informa ainda que a prefeita j\u00e1 autorizou a recontrata\u00e7\u00e3o dos vigias, cujos contratos haviam sido extintos no dia 31 de dezembro. \u201cTodo esse pessoal est\u00e1 sendo incorporado ao quadro, at\u00e9 que se fa\u00e7a o processo seletivo. Essa \u00e9 uma forma de preservar o emprego delas e n\u00e3o deixar o patrim\u00f4nio p\u00fablico desprotegido, \u00e0 merc\u00ea do vandalismo\u201d, enfatiza.<\/p>\n<p>De acordo com Ballejo, a Secretaria de Educa\u00e7\u00e3o est\u00e1 fazendo um diagn\u00f3stico completo sobre a situa\u00e7\u00e3o das escolas e o planejamento para o in\u00edcio do ano letivo, previsto para o dia 04 de mar\u00e7o. \u201cAt\u00e9 o dia 20 de janeiro j\u00e1 teremos conclu\u00eddo o levantamento de todas as necessidades, incluindo, al\u00e9m dos espa\u00e7os f\u00edsicos, o pessoal necess\u00e1rio, transporte escolar, distribui\u00e7\u00e3o de merenda, processos de licita\u00e7\u00e3o, enfim, todas as provid\u00eancias necess\u00e1rias para receber nossos alunos e professores da melhor maneira poss\u00edvel\u201d.<\/p>\n<p>J\u00e1 foram realizadas tamb\u00e9m reuni\u00f5es com a APLB, que apresentou uma pauta de reivindica\u00e7\u00f5es. \u201cA maioria delas \u00e9 justa. A prefeita est\u00e1 muito aberta ao di\u00e1logo. \u00c9 tudo uma quest\u00e3o de tempo e tudo vai se ajustar\u201d, aposta Ballejo.<\/p>\n","protected":false},"excerpt":{"rendered":"<p>Nessa quinta-feira, 10 de janeiro, professores e diretores da rede municipal de ensino come\u00e7aram a receber seus sal\u00e1rios atrasados, referentes ao m\u00eas de dezembro. 75% dos servidores da Educa\u00e7\u00e3o j\u00e1 foram contemplados e de acordo com o secret\u00e1rio Miguel Ballejo, a inten\u00e7\u00e3o \u00e9 saldar toda a folha da sua pasta at\u00e9 a pr\u00f3xima semana. \u201cA [&hellip;]<\/p>\n","protected":false},"author":7,"featured_media":0,"comment_status":"closed","ping_status":"open","sticky":false,"template":"","format":"standard","meta":{"footnotes":""},"categories":[45],"tags":[193,322],"class_list":["post-2117","post","type-post","status-publish","format-standard","hentry","category-cidades","tag-claudia-oliveira","tag-prefeitura-de-porto-seguro"],"_links":{"self":[{"href":"https:\/\/www.maisbn.com\/portal\/wp-json\/wp\/v2\/posts\/2117","targetHints":{"allow":["GET"]}}],"collection":[{"href":"https:\/\/www.maisbn.com\/portal\/wp-json\/wp\/v2\/posts"}],"about":[{"href":"https:\/\/www.maisbn.com\/portal\/wp-json\/wp\/v2\/types\/post"}],"author":[{"embeddable":true,"href":"https:\/\/www.maisbn.com\/portal\/wp-json\/wp\/v2\/users\/7"}],"replies":[{"embeddable":true,"href":"https:\/\/www.maisbn.com\/portal\/wp-json\/wp\/v2\/comments?post=2117"}],"version-history":[{"count":0,"href":"https:\/\/www.maisbn.com\/portal\/wp-json\/wp\/v2\/posts\/2117\/revisions"}],"wp:attachment":[{"href":"https:\/\/www.maisbn.com\/portal\/wp-json\/wp\/v2\/media?parent=2117"}],"wp:term":[{"taxonomy":"category","embeddable":true,"href":"https:\/\/www.maisbn.com\/portal\/wp-json\/wp\/v2\/categories?post=2117"},{"taxonomy":"post_tag","embeddable":true,"href":"https:\/\/www.maisbn.com\/portal\/wp-json\/wp\/v2\/tags?post=2117"}],"curies":[{"name":"wp","href":"https:\/\/api.w.org\/{rel}","templated":true}]}}