{"id":21147,"date":"2019-02-11T13:46:37","date_gmt":"2019-02-11T16:46:37","guid":{"rendered":"http:\/\/www.maisbn.com\/portal\/?p=21147"},"modified":"2019-02-11T13:46:37","modified_gmt":"2019-02-11T16:46:37","slug":"pm-apreende-menor-acusado-de-envolvimento-em-homicidios-e-trafico-de-drogas-em-belmonte","status":"publish","type":"post","link":"https:\/\/www.maisbn.com\/portal\/2019\/02\/pm-apreende-menor-acusado-de-envolvimento-em-homicidios-e-trafico-de-drogas-em-belmonte\/","title":{"rendered":"PM apreende menor acusado de envolvimento em homic\u00eddios e tr\u00e1fico de drogas em Belmonte."},"content":{"rendered":"<p><a href=\"http:\/\/www.maisbn.com\/portal\/wp-content\/uploads\/2019\/02\/viatura-frente-delegacia.jpeg\"><img loading=\"lazy\" decoding=\"async\" class=\"aligncenter wp-image-21148\" src=\"http:\/\/www.maisbn.com\/portal\/wp-content\/uploads\/2019\/02\/viatura-frente-delegacia-1000x750.jpeg\" alt=\"viatura frente delegacia\" width=\"600\" height=\"450\" srcset=\"https:\/\/www.maisbn.com\/portal\/wp-content\/uploads\/2019\/02\/viatura-frente-delegacia-1000x750.jpeg 1000w, https:\/\/www.maisbn.com\/portal\/wp-content\/uploads\/2019\/02\/viatura-frente-delegacia.jpeg 1040w\" sizes=\"auto, (max-width: 600px) 100vw, 600px\" \/><\/a><\/p>\n<p>A Pol\u00edcia Militar apreendeu um adolescente acusado de envolvimento em homic\u00eddios e tr\u00e1fico de drogas na cidade de Belmonte no final da manh\u00e3 dessa segunda-feira (11\/02). O mesmo foi identificado pelas iniciais F.O.B (16 anos) e j\u00e1 consta em sua lista v\u00e1rias passagens policiais e internamento em entidades prisionais de acolhimento de menores infratores.<\/p>\n<p>F.O.B foi encontrado pelos policiais sentado em uma cal\u00e7ada na Rua General Os\u00f3rio durante uma ronda de rotina pela localidade. O adolescente era procurado para o cumprimento de um mandado de pris\u00e3o provis\u00f3ria expedido pela Justi\u00e7a de Belmonte.\u00a0O mesmo foi reconhecido, abordado pelos policiais e conduzido para a Delegacia Territorial de Belmonte onde foi apresentado e posto \u00e0 disposi\u00e7\u00e3o dos procedimentos legais cab\u00edveis \u00e0 situa\u00e7\u00e3o.<\/p>\n<p>*ASCOM.8\u00baBPM-PORTO SEGURO*<\/p>\n<p>&nbsp;<\/p>\n","protected":false},"excerpt":{"rendered":"<p>A Pol\u00edcia Militar apreendeu um adolescente acusado de envolvimento em homic\u00eddios e tr\u00e1fico de drogas na cidade de Belmonte no final da manh\u00e3 dessa segunda-feira (11\/02). O mesmo foi identificado pelas iniciais F.O.B (16 anos) e j\u00e1 consta em sua lista v\u00e1rias passagens policiais e internamento em entidades prisionais de acolhimento de menores infratores. F.O.B [&hellip;]<\/p>\n","protected":false},"author":7,"featured_media":21148,"comment_status":"open","ping_status":"open","sticky":false,"template":"","format":"standard","meta":{"footnotes":""},"categories":[1,16],"tags":[108],"class_list":["post-21147","post","type-post","status-publish","format-standard","has-post-thumbnail","hentry","category-noticias","category-policial","tag-belmonte"],"_links":{"self":[{"href":"https:\/\/www.maisbn.com\/portal\/wp-json\/wp\/v2\/posts\/21147","targetHints":{"allow":["GET"]}}],"collection":[{"href":"https:\/\/www.maisbn.com\/portal\/wp-json\/wp\/v2\/posts"}],"about":[{"href":"https:\/\/www.maisbn.com\/portal\/wp-json\/wp\/v2\/types\/post"}],"author":[{"embeddable":true,"href":"https:\/\/www.maisbn.com\/portal\/wp-json\/wp\/v2\/users\/7"}],"replies":[{"embeddable":true,"href":"https:\/\/www.maisbn.com\/portal\/wp-json\/wp\/v2\/comments?post=21147"}],"version-history":[{"count":1,"href":"https:\/\/www.maisbn.com\/portal\/wp-json\/wp\/v2\/posts\/21147\/revisions"}],"predecessor-version":[{"id":21149,"href":"https:\/\/www.maisbn.com\/portal\/wp-json\/wp\/v2\/posts\/21147\/revisions\/21149"}],"wp:featuredmedia":[{"embeddable":true,"href":"https:\/\/www.maisbn.com\/portal\/wp-json\/wp\/v2\/media\/21148"}],"wp:attachment":[{"href":"https:\/\/www.maisbn.com\/portal\/wp-json\/wp\/v2\/media?parent=21147"}],"wp:term":[{"taxonomy":"category","embeddable":true,"href":"https:\/\/www.maisbn.com\/portal\/wp-json\/wp\/v2\/categories?post=21147"},{"taxonomy":"post_tag","embeddable":true,"href":"https:\/\/www.maisbn.com\/portal\/wp-json\/wp\/v2\/tags?post=21147"}],"curies":[{"name":"wp","href":"https:\/\/api.w.org\/{rel}","templated":true}]}}