{"id":21132,"date":"2019-02-09T18:18:00","date_gmt":"2019-02-09T21:18:00","guid":{"rendered":"http:\/\/www.maisbn.com\/portal\/?p=21132"},"modified":"2019-02-09T18:18:00","modified_gmt":"2019-02-09T21:18:00","slug":"prefeitura-de-belmonte-inicia-construcao-de-nova-creche-no-bairro-sao-benedito","status":"publish","type":"post","link":"https:\/\/www.maisbn.com\/portal\/2019\/02\/prefeitura-de-belmonte-inicia-construcao-de-nova-creche-no-bairro-sao-benedito\/","title":{"rendered":"Prefeitura de Belmonte inicia constru\u00e7\u00e3o de nova creche no Bairro S\u00e3o Benedito."},"content":{"rendered":"<p><a href=\"http:\/\/www.maisbn.com\/portal\/wp-content\/uploads\/2019\/02\/51508078_2320624101294882_5719865590286385152_n.jpg\"><img loading=\"lazy\" decoding=\"async\" class=\"aligncenter wp-image-21138\" src=\"http:\/\/www.maisbn.com\/portal\/wp-content\/uploads\/2019\/02\/51508078_2320624101294882_5719865590286385152_n.jpg\" alt=\"51508078_2320624101294882_5719865590286385152_n\" width=\"601\" height=\"339\" \/><\/a><\/p>\n<p>A Prefeitura Municipal de Belmonte, atrav\u00e9s da sua Secretaria de Infraestrutura, informou que j\u00e1 foram iniciados os trabalhos de constru\u00e7\u00e3o de uma nova creche no Bairro S\u00e3o Benedito. A unidade ter\u00e1 capacidade de abrigar 200 crian\u00e7as e teve a sua pedra fundamental lan\u00e7ada no final do m\u00eas de janeiro pelos engenheiros, em companhia do Prefeito Janival Borges e do Secret\u00e1rio de Infraestrutura Luciano Alves.<\/p>\n<p><a href=\"http:\/\/www.maisbn.com\/portal\/wp-content\/uploads\/2019\/02\/mosaico_novacrechesaobenedito2.jpg\"><img loading=\"lazy\" decoding=\"async\" class=\"aligncenter  wp-image-21140\" src=\"http:\/\/www.maisbn.com\/portal\/wp-content\/uploads\/2019\/02\/mosaico_novacrechesaobenedito2.jpg\" alt=\"mosaico_novacrechesaobenedito2\" width=\"600\" height=\"386\" \/><\/a><\/p>\n<p>A obra est\u00e1 or\u00e7ada em mais de R$ 2 Milh\u00f5es de Reais e ser\u00e1 custeada pelo Minist\u00e9rio da Educa\u00e7\u00e3o, por meio do Fundo Nacional de Desenvolvimento da Educa\u00e7\u00e3o (FNDE) e por uma contrapartida da Prefeitura Municipal de Belmonte. <strong><em>&#8220;Essa nova unidade proporcionar\u00e1 um local seguro e com toda a comodidade para que os pais deixem suas crian\u00e7as e possam trabalhar tranquilos. As crian\u00e7as ter\u00e3o um ambiente onde elas poder\u00e3o dar os primeiros passos do seu desenvolvimento e toda a comunidade ganhar\u00e1 com isso, gra\u00e7as ao importante trabalho do Deputado Estadual J\u00e2nio Natal e do Prefeito Janival Borges.&#8221;<\/em> <\/strong>&#8211; Informou o Secret\u00e1rio Municipal de Infraestrutura Luciano Alves.<\/p>\n<p>&nbsp;<\/p>\n","protected":false},"excerpt":{"rendered":"<p>A Prefeitura Municipal de Belmonte, atrav\u00e9s da sua Secretaria de Infraestrutura, informou que j\u00e1 foram iniciados os trabalhos de constru\u00e7\u00e3o de uma nova creche no Bairro S\u00e3o Benedito. A unidade ter\u00e1 capacidade de abrigar 200 crian\u00e7as e teve a sua pedra fundamental lan\u00e7ada no final do m\u00eas de janeiro pelos engenheiros, em companhia do Prefeito [&hellip;]<\/p>\n","protected":false},"author":7,"featured_media":21137,"comment_status":"open","ping_status":"open","sticky":false,"template":"","format":"standard","meta":{"footnotes":""},"categories":[45,1],"tags":[],"class_list":["post-21132","post","type-post","status-publish","format-standard","has-post-thumbnail","hentry","category-cidades","category-noticias"],"_links":{"self":[{"href":"https:\/\/www.maisbn.com\/portal\/wp-json\/wp\/v2\/posts\/21132","targetHints":{"allow":["GET"]}}],"collection":[{"href":"https:\/\/www.maisbn.com\/portal\/wp-json\/wp\/v2\/posts"}],"about":[{"href":"https:\/\/www.maisbn.com\/portal\/wp-json\/wp\/v2\/types\/post"}],"author":[{"embeddable":true,"href":"https:\/\/www.maisbn.com\/portal\/wp-json\/wp\/v2\/users\/7"}],"replies":[{"embeddable":true,"href":"https:\/\/www.maisbn.com\/portal\/wp-json\/wp\/v2\/comments?post=21132"}],"version-history":[{"count":2,"href":"https:\/\/www.maisbn.com\/portal\/wp-json\/wp\/v2\/posts\/21132\/revisions"}],"predecessor-version":[{"id":21141,"href":"https:\/\/www.maisbn.com\/portal\/wp-json\/wp\/v2\/posts\/21132\/revisions\/21141"}],"wp:featuredmedia":[{"embeddable":true,"href":"https:\/\/www.maisbn.com\/portal\/wp-json\/wp\/v2\/media\/21137"}],"wp:attachment":[{"href":"https:\/\/www.maisbn.com\/portal\/wp-json\/wp\/v2\/media?parent=21132"}],"wp:term":[{"taxonomy":"category","embeddable":true,"href":"https:\/\/www.maisbn.com\/portal\/wp-json\/wp\/v2\/categories?post=21132"},{"taxonomy":"post_tag","embeddable":true,"href":"https:\/\/www.maisbn.com\/portal\/wp-json\/wp\/v2\/tags?post=21132"}],"curies":[{"name":"wp","href":"https:\/\/api.w.org\/{rel}","templated":true}]}}