{"id":21118,"date":"2019-02-07T23:55:30","date_gmt":"2019-02-08T02:55:30","guid":{"rendered":"http:\/\/www.maisbn.com\/portal\/?p=21118"},"modified":"2019-02-07T23:55:30","modified_gmt":"2019-02-08T02:55:30","slug":"vereador-rogerio-bahia-cobra-projeto-de-lei-do-reajuste-do-piso-salarial-do-magisterio","status":"publish","type":"post","link":"https:\/\/www.maisbn.com\/portal\/2019\/02\/vereador-rogerio-bahia-cobra-projeto-de-lei-do-reajuste-do-piso-salarial-do-magisterio\/","title":{"rendered":"Vereador Rog\u00e9rio Bahia cobra Projeto de Lei do reajuste do Piso Salarial do Magist\u00e9rio."},"content":{"rendered":"<p><a href=\"http:\/\/www.maisbn.com\/portal\/wp-content\/uploads\/2019\/02\/WhatsApp-Image-2019-02-04-at-10.17.40-PM.jpeg\"><img loading=\"lazy\" decoding=\"async\" class=\"aligncenter  wp-image-21119\" src=\"http:\/\/www.maisbn.com\/portal\/wp-content\/uploads\/2019\/02\/WhatsApp-Image-2019-02-04-at-10.17.40-PM-1000x750.jpeg\" alt=\"WhatsApp Image 2019-02-04 at 10.17.40 PM\" width=\"600\" height=\"450\" srcset=\"https:\/\/www.maisbn.com\/portal\/wp-content\/uploads\/2019\/02\/WhatsApp-Image-2019-02-04-at-10.17.40-PM-1000x750.jpeg 1000w, https:\/\/www.maisbn.com\/portal\/wp-content\/uploads\/2019\/02\/WhatsApp-Image-2019-02-04-at-10.17.40-PM.jpeg 1280w\" sizes=\"auto, (max-width: 600px) 100vw, 600px\" \/><\/a><\/p>\n<p>O Professor e Vereador Rog\u00e9rio Bahia, na sess\u00e3o que abriu os trabalhos do Legislativo belmontense na \u00faltima segunda-feira (04\/02), subiu \u00e0 tribuna e cobrou do Prefeito Janival Borges e do Secret\u00e1rio Municipal de Educa\u00e7\u00e3o Paulo Carvalho o Projeto de Lei do Piso do Magist\u00e9rio para ser votado o mais r\u00e1pido poss\u00edvel. O objetivo do edil, que tamb\u00e9m atua como vice-coordenador da APLB-Sindicato, \u00e9 colocar a mat\u00e9ria j\u00e1 em discuss\u00e3o para agilizar a atualiza\u00e7\u00e3o dos sal\u00e1rios e evitar custos maiores para o munic\u00edpio gerado pelos retroativos. &#8220;<strong><em>O piso salarial dos professores, segundo a Lei Federal, j\u00e1 tem que ser atualizado em Janeiro automaticamente, mas em Belmonte criou-se um costume de v\u00e1rios anos atr\u00e1s de que o executivo tem que mandar um Projeto de Lei para a C\u00e2mara. Se \u00e9 assim, vamos agilizar o processo para ocorrer essa atualiza\u00e7\u00e3o no menor tempo poss\u00edvel.&#8221;<\/em><\/strong> &#8211; Comentou o Vereador Rog\u00e9rio.<\/p>\n<p><iframe loading=\"lazy\" src=\"https:\/\/www.youtube.com\/embed\/yTH8rJRv9Kc\" width=\"560\" height=\"315\" frameborder=\"0\" allowfullscreen=\"allowfullscreen\"><\/iframe><\/p>\n<p>Rog\u00e9rio ainda pediu \u00e0 gest\u00e3o municipal que disponibilize um calend\u00e1rio de pagamento discutido com a categoria para que os servidores possam se programar de acordo com a data que ser\u00e3o pagos os seus proventos. <strong><em>&#8220;A gest\u00e3o sabe que todos os anos, no segundo semestre, o munic\u00edpio tem uma queda de arrecada\u00e7\u00e3o. Ent\u00e3o \u00e9 preciso se organizar para se ter um controle das datas de pagamento para preservar a seguran\u00e7a financeira do servidor.&#8221;<\/em> <\/strong>&#8211; Colocou o edil.<\/p>\n<p><a href=\"http:\/\/www.maisbn.com\/portal\/wp-content\/uploads\/2019\/02\/WhatsApp-Image-2019-02-04-at-10.17.40-PM-1.jpeg\"><img loading=\"lazy\" decoding=\"async\" class=\"aligncenter  wp-image-21120\" src=\"http:\/\/www.maisbn.com\/portal\/wp-content\/uploads\/2019\/02\/WhatsApp-Image-2019-02-04-at-10.17.40-PM-1-1000x750.jpeg\" alt=\"WhatsApp Image 2019-02-04 at 10.17.40 PM (1)\" width=\"601\" height=\"451\" srcset=\"https:\/\/www.maisbn.com\/portal\/wp-content\/uploads\/2019\/02\/WhatsApp-Image-2019-02-04-at-10.17.40-PM-1-1000x750.jpeg 1000w, https:\/\/www.maisbn.com\/portal\/wp-content\/uploads\/2019\/02\/WhatsApp-Image-2019-02-04-at-10.17.40-PM-1.jpeg 1280w\" sizes=\"auto, (max-width: 601px) 100vw, 601px\" \/><\/a><\/p>\n<p>O vereador ainda teceu cr\u00edticas \u00e0 atual gest\u00e3o municipal e colocou que todos os vereadores tem que fazer a sua parte por uma Belmonte melhor e n\u00e3o ficar apenas reclamando da administra\u00e7\u00e3o em redes sociais sem assumir a sua parcela de responsabilidade. &#8220;<strong><em>O que n\u00f3s estamos fazendo para melhorar, para sair dessa situa\u00e7\u00e3o? Reclamar todo mundo reclama, mas precisamos\u00a0 dar sugest\u00f5es e fazer a nossa parte como vereador. Analisar licita\u00e7\u00f5es e conferir se o servi\u00e7o est\u00e1 sendo prestado a contento. N\u00e3o adiante ficar s\u00f3 conclamando a popula\u00e7\u00e3o nas redes sociais sem fazer nada de efetivo.&#8221;<\/em><\/strong> &#8211; Finalizou Rog\u00e9rio.<\/p>\n<p>&nbsp;<\/p>\n","protected":false},"excerpt":{"rendered":"<p>O Professor e Vereador Rog\u00e9rio Bahia, na sess\u00e3o que abriu os trabalhos do Legislativo belmontense na \u00faltima segunda-feira (04\/02), subiu \u00e0 tribuna e cobrou do Prefeito Janival Borges e do Secret\u00e1rio Municipal de Educa\u00e7\u00e3o Paulo Carvalho o Projeto de Lei do Piso do Magist\u00e9rio para ser votado o mais r\u00e1pido poss\u00edvel. O objetivo do edil, [&hellip;]<\/p>\n","protected":false},"author":7,"featured_media":21119,"comment_status":"open","ping_status":"open","sticky":false,"template":"","format":"standard","meta":{"footnotes":""},"categories":[8,1],"tags":[108],"class_list":["post-21118","post","type-post","status-publish","format-standard","has-post-thumbnail","hentry","category-educacao","category-noticias","tag-belmonte"],"_links":{"self":[{"href":"https:\/\/www.maisbn.com\/portal\/wp-json\/wp\/v2\/posts\/21118","targetHints":{"allow":["GET"]}}],"collection":[{"href":"https:\/\/www.maisbn.com\/portal\/wp-json\/wp\/v2\/posts"}],"about":[{"href":"https:\/\/www.maisbn.com\/portal\/wp-json\/wp\/v2\/types\/post"}],"author":[{"embeddable":true,"href":"https:\/\/www.maisbn.com\/portal\/wp-json\/wp\/v2\/users\/7"}],"replies":[{"embeddable":true,"href":"https:\/\/www.maisbn.com\/portal\/wp-json\/wp\/v2\/comments?post=21118"}],"version-history":[{"count":1,"href":"https:\/\/www.maisbn.com\/portal\/wp-json\/wp\/v2\/posts\/21118\/revisions"}],"predecessor-version":[{"id":21121,"href":"https:\/\/www.maisbn.com\/portal\/wp-json\/wp\/v2\/posts\/21118\/revisions\/21121"}],"wp:featuredmedia":[{"embeddable":true,"href":"https:\/\/www.maisbn.com\/portal\/wp-json\/wp\/v2\/media\/21119"}],"wp:attachment":[{"href":"https:\/\/www.maisbn.com\/portal\/wp-json\/wp\/v2\/media?parent=21118"}],"wp:term":[{"taxonomy":"category","embeddable":true,"href":"https:\/\/www.maisbn.com\/portal\/wp-json\/wp\/v2\/categories?post=21118"},{"taxonomy":"post_tag","embeddable":true,"href":"https:\/\/www.maisbn.com\/portal\/wp-json\/wp\/v2\/tags?post=21118"}],"curies":[{"name":"wp","href":"https:\/\/api.w.org\/{rel}","templated":true}]}}