{"id":21104,"date":"2019-02-07T19:30:58","date_gmt":"2019-02-07T22:30:58","guid":{"rendered":"http:\/\/www.maisbn.com\/portal\/?p=21104"},"modified":"2019-02-07T19:34:22","modified_gmt":"2019-02-07T22:34:22","slug":"prefeitura-de-belmonte-reinaugura-posto-de-saude-da-familia-do-bairro-da-biela","status":"publish","type":"post","link":"https:\/\/www.maisbn.com\/portal\/2019\/02\/prefeitura-de-belmonte-reinaugura-posto-de-saude-da-familia-do-bairro-da-biela\/","title":{"rendered":"Prefeitura de Belmonte reinaugura Posto de Sa\u00fade da Fam\u00edlia do Bairro da Biela."},"content":{"rendered":"<p>A popula\u00e7\u00e3o de Belmonte comemorou na manh\u00e3 dessa quinta-feira (07\/02) a reinaugura\u00e7\u00e3o do Posto de Sa\u00fade da Fam\u00edlia Jos\u00e9 Taurino de Oliveira, que atende a comunidade do Bairro da Biela. O pr\u00e9dio onde funcionava o posto havia sido interditado por problemas na estrutura que tornaram invi\u00e1vel o seu funcionamento, principalmente nos tempos de chuva, onde a unidade ficava completamente alagada. Diante da situa\u00e7\u00e3o, o Prefeito Janival Borges, juntamente com o Secret\u00e1rio Municipal de Sa\u00fade T\u00e1rcio Lapa, decidiram transferir os servi\u00e7os para um anexo ao lado do Hospital Dr. Jos\u00e9 da Costa Pinto Dantas enquanto as obras de recupera\u00e7\u00e3o eram executadas pela Secretaria Municipal de Infraestrutura. <strong><em>&#8220;A gente foi muito criticado, mas n\u00e3o t\u00ednhamos como atender a comunidade nas condi\u00e7\u00f5es em que se encontrava a estrutura desse posto. O importante \u00e9 que os servi\u00e7os n\u00e3o foram paralisados durante a recupera\u00e7\u00e3o como algumas pessoas chegaram a espalhar nas redes sociais&#8221;<\/em><\/strong> &#8211; Comentou o Secret\u00e1rio T\u00e1rcio Andrade.<\/p>\n<p><a href=\"http:\/\/www.maisbn.com\/portal\/wp-content\/uploads\/2019\/02\/inauguracao_psfbiela00047.jpg\"><img loading=\"lazy\" decoding=\"async\" class=\"aligncenter wp-image-21105\" src=\"http:\/\/www.maisbn.com\/portal\/wp-content\/uploads\/2019\/02\/inauguracao_psfbiela00047.jpg\" alt=\"inauguracao_psfbiela00047\" width=\"600\" height=\"385\" \/><\/a><\/p>\n<p>O pr\u00e9dio do Posto de Sa\u00fade Jos\u00e9 Taurino de Oliveira foi entregue \u00e0 comunidade com a laje totalmente reformada, que ainda recebeu uma cobertura com telhado e manta t\u00e9rmica para evitar infiltra\u00e7\u00f5es. Tamb\u00e9m foram trocadas v\u00e1rias portas e a pintura da estrutura foi totalmente refeita. <strong><em>&#8220;Agrade\u00e7o a toda a equipe da Secretaria de Infraestrutura pelas interven\u00e7\u00f5es realizadas. A popula\u00e7\u00e3o da Biela ganhou um ambiente acolhedor e de qualidade e os nossos profissionais ganharam uma \u00f3tima estrutura com seguran\u00e7a para realizar os atendimentos da comunidade.&#8221;<\/em><\/strong> &#8211; Informou o Secret\u00e1rio.<\/p>\n<p><a href=\"http:\/\/www.maisbn.com\/portal\/wp-content\/uploads\/2019\/02\/inauguracao_psfbiela00045.jpg\"><img loading=\"lazy\" decoding=\"async\" class=\"aligncenter wp-image-21106\" src=\"http:\/\/www.maisbn.com\/portal\/wp-content\/uploads\/2019\/02\/inauguracao_psfbiela00045.jpg\" alt=\"inauguracao_psfbiela00045\" width=\"600\" height=\"385\" \/><\/a><\/p>\n<p>Estiveram presentes na solenidade de inaugura\u00e7\u00e3o o Presidente da C\u00e2mara de Vereadores Aelson Matos (Calango), Vereador Alfredo Aberceb e a Vereadora Flordinalva Alc\u00e2ntara. Tamb\u00e9m marcaram presen\u00e7a os Secret\u00e1rios Orlando Lapa,\u00a0(Administra\u00e7\u00e3o),Faf\u00e1 (Esporte), Luciano Alves (Infraestrutura), Paulo Carvalho (Educa\u00e7\u00e3o), Claudio Soares (A\u00e7\u00e3o Social), Raimundo Carvalho ( Meio Ambiente) Belmiro Monteiro ( Agricultura ) e Alexandre Haerter (Finan\u00e7as). O Prefeito Janival Borges, que est\u00e1 atendendo a uma agenda importante em Salvador, foi representado pelo Secret\u00e1rio Municipal de Sa\u00fade T\u00e1rcio Lapa.<\/p>\n<p><a href=\"http:\/\/www.maisbn.com\/portal\/wp-content\/uploads\/2019\/02\/mosaico_inauguracaopsfbiela.jpg\"><img loading=\"lazy\" decoding=\"async\" class=\"aligncenter wp-image-21107\" src=\"http:\/\/www.maisbn.com\/portal\/wp-content\/uploads\/2019\/02\/mosaico_inauguracaopsfbiela.jpg\" alt=\"mosaico_inauguracaopsfbiela\" width=\"600\" height=\"386\" \/><\/a><\/p>\n<p>Durante a cerim\u00f4nia de inaugura\u00e7\u00e3o foram realizados 30 exames eletivos de endoscopia, 30 exames de ultrassonografia, avalia\u00e7\u00f5es com nutricionistas, educador f\u00edsico e cl\u00ednico geral. A unidade tamb\u00e9m passou a contar com um laborat\u00f3rio do LACEM-BA que realizar\u00e1 todas as segundas-feiras exames hormonais totalmente gratuitos. &#8220;<strong><em>O Posto da Biela foi escolhido para abrigar esse laborat\u00f3rio por causa da grande demanda desses exames e pelo Bairro ser muito populoso. Os exames hormonais ser\u00e3o totalmente gratuitos para toda a comunidade que ainda contar\u00e1 com m\u00e9dicos e enfermeiros fazendo os atendimentos de rotina e os encaminhamentos devidos.&#8221;<\/em><\/strong> &#8211; Finalizou T\u00e1rcio.<\/p>\n","protected":false},"excerpt":{"rendered":"<p>A popula\u00e7\u00e3o de Belmonte comemorou na manh\u00e3 dessa quinta-feira (07\/02) a reinaugura\u00e7\u00e3o do Posto de Sa\u00fade da Fam\u00edlia Jos\u00e9 Taurino de Oliveira, que atende a comunidade do Bairro da Biela. O pr\u00e9dio onde funcionava o posto havia sido interditado por problemas na estrutura que tornaram invi\u00e1vel o seu funcionamento, principalmente nos tempos de chuva, onde [&hellip;]<\/p>\n","protected":false},"author":7,"featured_media":21105,"comment_status":"open","ping_status":"open","sticky":false,"template":"","format":"standard","meta":{"footnotes":""},"categories":[1,28],"tags":[108],"class_list":["post-21104","post","type-post","status-publish","format-standard","has-post-thumbnail","hentry","category-noticias","category-saude-noticias","tag-belmonte"],"_links":{"self":[{"href":"https:\/\/www.maisbn.com\/portal\/wp-json\/wp\/v2\/posts\/21104","targetHints":{"allow":["GET"]}}],"collection":[{"href":"https:\/\/www.maisbn.com\/portal\/wp-json\/wp\/v2\/posts"}],"about":[{"href":"https:\/\/www.maisbn.com\/portal\/wp-json\/wp\/v2\/types\/post"}],"author":[{"embeddable":true,"href":"https:\/\/www.maisbn.com\/portal\/wp-json\/wp\/v2\/users\/7"}],"replies":[{"embeddable":true,"href":"https:\/\/www.maisbn.com\/portal\/wp-json\/wp\/v2\/comments?post=21104"}],"version-history":[{"count":1,"href":"https:\/\/www.maisbn.com\/portal\/wp-json\/wp\/v2\/posts\/21104\/revisions"}],"predecessor-version":[{"id":21108,"href":"https:\/\/www.maisbn.com\/portal\/wp-json\/wp\/v2\/posts\/21104\/revisions\/21108"}],"wp:featuredmedia":[{"embeddable":true,"href":"https:\/\/www.maisbn.com\/portal\/wp-json\/wp\/v2\/media\/21105"}],"wp:attachment":[{"href":"https:\/\/www.maisbn.com\/portal\/wp-json\/wp\/v2\/media?parent=21104"}],"wp:term":[{"taxonomy":"category","embeddable":true,"href":"https:\/\/www.maisbn.com\/portal\/wp-json\/wp\/v2\/categories?post=21104"},{"taxonomy":"post_tag","embeddable":true,"href":"https:\/\/www.maisbn.com\/portal\/wp-json\/wp\/v2\/tags?post=21104"}],"curies":[{"name":"wp","href":"https:\/\/api.w.org\/{rel}","templated":true}]}}