{"id":21095,"date":"2019-02-06T16:35:03","date_gmt":"2019-02-06T19:35:03","guid":{"rendered":"http:\/\/www.maisbn.com\/portal\/?p=21095"},"modified":"2019-02-06T16:35:03","modified_gmt":"2019-02-06T19:35:03","slug":"prefeitura-de-belmonte-informa-pagamento-do-terco-de-ferias-da-educacao-municipal","status":"publish","type":"post","link":"https:\/\/www.maisbn.com\/portal\/2019\/02\/prefeitura-de-belmonte-informa-pagamento-do-terco-de-ferias-da-educacao-municipal\/","title":{"rendered":"Prefeitura de Belmonte informa pagamento do ter\u00e7o de f\u00e9rias da educa\u00e7\u00e3o municipal."},"content":{"rendered":"<p><a href=\"http:\/\/www.maisbn.com\/portal\/wp-content\/uploads\/2014\/11\/pagamentos.jpg\"><img loading=\"lazy\" decoding=\"async\" class=\"aligncenter size-medium wp-image-6352\" src=\"http:\/\/www.maisbn.com\/portal\/wp-content\/uploads\/2014\/11\/pagamentos-625x350.jpg\" alt=\"pagamentos\" width=\"625\" height=\"350\" srcset=\"https:\/\/www.maisbn.com\/portal\/wp-content\/uploads\/2014\/11\/pagamentos-625x350.jpg 625w, https:\/\/www.maisbn.com\/portal\/wp-content\/uploads\/2014\/11\/pagamentos.jpg 640w\" sizes=\"auto, (max-width: 625px) 100vw, 625px\" \/><\/a><\/p>\n<p>A Prefeitura Municipal de Belmonte, por meio da sua Secretaria de Finan\u00e7as, emitiu nota \u00e0 imprensa na tarde dessa quarta-feira (06\/02) informando que a folha de pagamento do ter\u00e7o de f\u00e9rias dos servidores da educa\u00e7\u00e3o j\u00e1 foi enviada para as entidades banc\u00e1rias e que as quantias j\u00e1 estar\u00e3o dispon\u00edveis nas contas nessa quinta-feira (07\/02).<\/p>\n<p>Em conversa com nossa equipe, o Secret\u00e1rio Alexandre Haerter comentou que aos poucos a Prefeitura Municipal de Belmonte vem sanando as d\u00edvidas com a categoria, sempre respeitando os recursos dispon\u00edveis. <strong>&#8220;<em>Reconhecemos que n\u00e3o \u00e9 o ideal, mas fizemos o poss\u00edvel porque sabemos que os servidores n\u00e3o tem culpa da crise financeira que afetou os munic\u00edpios. O ano passado foi muito dif\u00edcil e muitas cidades do porte de Belmonte ainda sofrem com a crise financeira. Esperamos que esse ano de 2019 seja melhor para todos e estamos nos esfor\u00e7ando para que atrasos de pagamentos de servidores n\u00e3o aconte\u00e7am mais&#8221;<\/em><\/strong> &#8211; Finalizou o Secret\u00e1rio.<\/p>\n<p>Ainda questionado sobre a situa\u00e7\u00e3o do Carnaval 2019 em Belmonte, Alexandre apenas revelou que a decis\u00e3o depende exclusivamente do Prefeito Janival Borges e do Deputado J\u00e2nio Natal. O Secret\u00e1rio informou que os dois est\u00e3o em Salvador para uma reuni\u00e3o com a Bahiatursa, mas, at\u00e9 o momento, n\u00e3o se tem uma decis\u00e3o definitiva sobre o caso. <strong><em>&#8220;\u00c9 fato que o munic\u00edpio encontra-se em um momento financeiro muito complicado e que o Prefeito Janival est\u00e1 diante de uma decis\u00e3o muito dif\u00edcil. Munic\u00edpios da nossa regi\u00e3o j\u00e1 cancelaram as festas por falta de recursos e a situa\u00e7\u00e3o de Belmonte n\u00e3o \u00e9 diferente. Espero que o Deputado J\u00e2nio Natal e o Prefeito Janival consigam resolver essa situa\u00e7\u00e3o e tomem a decis\u00e3o mais acertada para a nossa cidade.&#8221;<\/em><\/strong>&#8211; Finalizou Alexandre.<\/p>\n","protected":false},"excerpt":{"rendered":"<p>A Prefeitura Municipal de Belmonte, por meio da sua Secretaria de Finan\u00e7as, emitiu nota \u00e0 imprensa na tarde dessa quarta-feira (06\/02) informando que a folha de pagamento do ter\u00e7o de f\u00e9rias dos servidores da educa\u00e7\u00e3o j\u00e1 foi enviada para as entidades banc\u00e1rias e que as quantias j\u00e1 estar\u00e3o dispon\u00edveis nas contas nessa quinta-feira (07\/02). Em [&hellip;]<\/p>\n","protected":false},"author":7,"featured_media":6352,"comment_status":"open","ping_status":"open","sticky":false,"template":"","format":"standard","meta":{"footnotes":""},"categories":[45,1],"tags":[108],"class_list":["post-21095","post","type-post","status-publish","format-standard","has-post-thumbnail","hentry","category-cidades","category-noticias","tag-belmonte"],"_links":{"self":[{"href":"https:\/\/www.maisbn.com\/portal\/wp-json\/wp\/v2\/posts\/21095","targetHints":{"allow":["GET"]}}],"collection":[{"href":"https:\/\/www.maisbn.com\/portal\/wp-json\/wp\/v2\/posts"}],"about":[{"href":"https:\/\/www.maisbn.com\/portal\/wp-json\/wp\/v2\/types\/post"}],"author":[{"embeddable":true,"href":"https:\/\/www.maisbn.com\/portal\/wp-json\/wp\/v2\/users\/7"}],"replies":[{"embeddable":true,"href":"https:\/\/www.maisbn.com\/portal\/wp-json\/wp\/v2\/comments?post=21095"}],"version-history":[{"count":1,"href":"https:\/\/www.maisbn.com\/portal\/wp-json\/wp\/v2\/posts\/21095\/revisions"}],"predecessor-version":[{"id":21096,"href":"https:\/\/www.maisbn.com\/portal\/wp-json\/wp\/v2\/posts\/21095\/revisions\/21096"}],"wp:featuredmedia":[{"embeddable":true,"href":"https:\/\/www.maisbn.com\/portal\/wp-json\/wp\/v2\/media\/6352"}],"wp:attachment":[{"href":"https:\/\/www.maisbn.com\/portal\/wp-json\/wp\/v2\/media?parent=21095"}],"wp:term":[{"taxonomy":"category","embeddable":true,"href":"https:\/\/www.maisbn.com\/portal\/wp-json\/wp\/v2\/categories?post=21095"},{"taxonomy":"post_tag","embeddable":true,"href":"https:\/\/www.maisbn.com\/portal\/wp-json\/wp\/v2\/tags?post=21095"}],"curies":[{"name":"wp","href":"https:\/\/api.w.org\/{rel}","templated":true}]}}