{"id":21086,"date":"2019-02-05T09:46:25","date_gmt":"2019-02-05T12:46:25","guid":{"rendered":"http:\/\/www.maisbn.com\/portal\/?p=21086"},"modified":"2019-02-05T09:46:25","modified_gmt":"2019-02-05T12:46:25","slug":"prefeitura-realiza-semana-de-prevencao-da-gravidez-na-adolescencia","status":"publish","type":"post","link":"https:\/\/www.maisbn.com\/portal\/2019\/02\/prefeitura-realiza-semana-de-prevencao-da-gravidez-na-adolescencia\/","title":{"rendered":"Prefeitura realiza Semana de Preven\u00e7\u00e3o da Gravidez na Adolesc\u00eancia."},"content":{"rendered":"<p><a href=\"http:\/\/www.maisbn.com\/portal\/wp-content\/uploads\/2019\/02\/WhatsApp-Image-2019-02-04-at-2.04.37-PM.jpeg\"><img loading=\"lazy\" decoding=\"async\" class=\"aligncenter  wp-image-21087\" src=\"http:\/\/www.maisbn.com\/portal\/wp-content\/uploads\/2019\/02\/WhatsApp-Image-2019-02-04-at-2.04.37-PM.jpeg\" alt=\"WhatsApp Image 2019-02-04 at 2.04.37 PM\" width=\"574\" height=\"530\" \/><\/a><\/p>\n<p>A Prefeitura Municipal de Belmonte, por meio de sua Secretaria de Sa\u00fade, iniciou a Semana Nacional de Preven\u00e7\u00e3o da Gravidez na Adolesc\u00eancia, que est\u00e1 sendo realizada desde o dia 01\/02 e se estender\u00e1 at\u00e9 o dia 08\/02. Durante esse per\u00edodo acontecer\u00e1 a\u00a0intensifica\u00e7\u00e3o de a\u00e7\u00f5es nas Unidades B\u00e1sicas de Sa\u00fade do Munic\u00edpio visando \u00e0 preven\u00e7\u00e3o da gravidez na adolesc\u00eancia. A Semana de Preven\u00e7\u00e3o da Gravidez na Adolesc\u00eancia foi acrescentada ao Estatuto da Crian\u00e7a e Adolescente \u2013 ECA, conforme Lei Federal n\u00b0 13798\/19.<\/p>\n<p><a href=\"http:\/\/www.maisbn.com\/portal\/wp-content\/uploads\/2019\/02\/WhatsApp-Image-2019-02-04-at-2.12.43-PM.jpeg\"><img loading=\"lazy\" decoding=\"async\" class=\"aligncenter  wp-image-21088\" src=\"http:\/\/www.maisbn.com\/portal\/wp-content\/uploads\/2019\/02\/WhatsApp-Image-2019-02-04-at-2.12.43-PM-1000x845.jpeg\" alt=\"WhatsApp Image 2019-02-04 at 2.12.43 PM\" width=\"600\" height=\"507\" srcset=\"https:\/\/www.maisbn.com\/portal\/wp-content\/uploads\/2019\/02\/WhatsApp-Image-2019-02-04-at-2.12.43-PM-1000x845.jpeg 1000w, https:\/\/www.maisbn.com\/portal\/wp-content\/uploads\/2019\/02\/WhatsApp-Image-2019-02-04-at-2.12.43-PM-1183x1000.jpeg 1183w, https:\/\/www.maisbn.com\/portal\/wp-content\/uploads\/2019\/02\/WhatsApp-Image-2019-02-04-at-2.12.43-PM.jpeg 1280w\" sizes=\"auto, (max-width: 600px) 100vw, 600px\" \/><\/a><\/p>\n<p>O Secret\u00e1rio Municipal de Sa\u00fade, T\u00e1rcio Lapa, informou \u00e0 nossa equipe que a medida tem por objetivo disseminar informa\u00e7\u00f5es sobre as a\u00e7\u00f5es preventivas e educativas que contribuam para a redu\u00e7\u00e3o da incid\u00eancia da gravidez na adolesc\u00eancia. <strong><em>&#8220;As a\u00e7\u00f5es ter\u00e3o como p\u00fablico alvo adolescentes com idades de 12 at\u00e9 18 anos. Todas as equipes est\u00e3o empenhadas e estamos recebendo total apoio do Prefeito Janival Borges para as a\u00e7\u00f5es da Semana Nacional da Gravidez na Adolesc\u00eancia.&#8221;<\/em><\/strong> &#8211; Comentou o Secret\u00e1rio.<\/p>\n","protected":false},"excerpt":{"rendered":"<p>A Prefeitura Municipal de Belmonte, por meio de sua Secretaria de Sa\u00fade, iniciou a Semana Nacional de Preven\u00e7\u00e3o da Gravidez na Adolesc\u00eancia, que est\u00e1 sendo realizada desde o dia 01\/02 e se estender\u00e1 at\u00e9 o dia 08\/02. Durante esse per\u00edodo acontecer\u00e1 a\u00a0intensifica\u00e7\u00e3o de a\u00e7\u00f5es nas Unidades B\u00e1sicas de Sa\u00fade do Munic\u00edpio visando \u00e0 preven\u00e7\u00e3o da [&hellip;]<\/p>\n","protected":false},"author":7,"featured_media":21087,"comment_status":"open","ping_status":"open","sticky":false,"template":"","format":"standard","meta":{"footnotes":""},"categories":[1,28],"tags":[108],"class_list":["post-21086","post","type-post","status-publish","format-standard","has-post-thumbnail","hentry","category-noticias","category-saude-noticias","tag-belmonte"],"_links":{"self":[{"href":"https:\/\/www.maisbn.com\/portal\/wp-json\/wp\/v2\/posts\/21086","targetHints":{"allow":["GET"]}}],"collection":[{"href":"https:\/\/www.maisbn.com\/portal\/wp-json\/wp\/v2\/posts"}],"about":[{"href":"https:\/\/www.maisbn.com\/portal\/wp-json\/wp\/v2\/types\/post"}],"author":[{"embeddable":true,"href":"https:\/\/www.maisbn.com\/portal\/wp-json\/wp\/v2\/users\/7"}],"replies":[{"embeddable":true,"href":"https:\/\/www.maisbn.com\/portal\/wp-json\/wp\/v2\/comments?post=21086"}],"version-history":[{"count":1,"href":"https:\/\/www.maisbn.com\/portal\/wp-json\/wp\/v2\/posts\/21086\/revisions"}],"predecessor-version":[{"id":21089,"href":"https:\/\/www.maisbn.com\/portal\/wp-json\/wp\/v2\/posts\/21086\/revisions\/21089"}],"wp:featuredmedia":[{"embeddable":true,"href":"https:\/\/www.maisbn.com\/portal\/wp-json\/wp\/v2\/media\/21087"}],"wp:attachment":[{"href":"https:\/\/www.maisbn.com\/portal\/wp-json\/wp\/v2\/media?parent=21086"}],"wp:term":[{"taxonomy":"category","embeddable":true,"href":"https:\/\/www.maisbn.com\/portal\/wp-json\/wp\/v2\/categories?post=21086"},{"taxonomy":"post_tag","embeddable":true,"href":"https:\/\/www.maisbn.com\/portal\/wp-json\/wp\/v2\/tags?post=21086"}],"curies":[{"name":"wp","href":"https:\/\/api.w.org\/{rel}","templated":true}]}}