{"id":21033,"date":"2019-01-31T15:40:03","date_gmt":"2019-01-31T18:40:03","guid":{"rendered":"http:\/\/www.maisbn.com\/portal\/?p=21033"},"modified":"2019-01-31T15:56:54","modified_gmt":"2019-01-31T18:56:54","slug":"alegando-dificuldades-financeiras-prefeito-agnelo-santos-cancela-carnaval-de-cabralia","status":"publish","type":"post","link":"https:\/\/www.maisbn.com\/portal\/2019\/01\/alegando-dificuldades-financeiras-prefeito-agnelo-santos-cancela-carnaval-de-cabralia\/","title":{"rendered":"Alegando dificuldades financeiras Prefeito Agnelo Santos cancela carnaval de Cabr\u00e1lia."},"content":{"rendered":"<div><a href=\"http:\/\/www.maisbn.com\/portal\/wp-content\/uploads\/2019\/01\/depoimento_agnelo.jpg\"><img loading=\"lazy\" decoding=\"async\" class=\"aligncenter size-full wp-image-21034\" src=\"http:\/\/www.maisbn.com\/portal\/wp-content\/uploads\/2019\/01\/depoimento_agnelo.jpg\" alt=\"depoimento_agnelo\" width=\"644\" height=\"358\" \/><\/a><\/div>\n<div><\/div>\n<p class=\"western\"><span style=\"color: #333333;\"><span style=\"font-family: Arial, sans-serif;\"><span style=\"font-size: medium;\">Os foli\u00f5es que residem no munic\u00edpio de Cabr\u00e1lia n\u00e3o poder\u00e3o contar com o carnaval antecipado na cidade. A decis\u00e3o foi anunciada atrav\u00e9s de v\u00eddeo enviada nesta quarta-feira (30\/01) pelo prefeito Agnelo Santos. Segundo a Nota, Cabr\u00e1lia est\u00e1 enfrentando uma crise financeira, o que est\u00e1 impossibilitando a realiza\u00e7\u00e3o do carnaval.\u00a0<\/span><\/span><\/span><strong><span style=\"color: #333333;\"><span style=\"font-family: Arial, sans-serif;\"><span style=\"font-size: medium;\">\u201cPara a gente \u00e9 uma triste not\u00edcia adoro carnaval, gosto de festa, [\u2026] eu sei que \u00e9 muito importante, mas eu sei tamb\u00e9m, que devido \u00e0 crise que n\u00f3s estamos atravessando, os recursos v\u00e3o ser utilizados em \u00e1reas muito mais importantes para o nosso munic\u00edpio como Sa\u00fade, Educa\u00e7\u00e3o, Sal\u00e1rios e Fornecedores, s\u00e3o coisas mais priorit\u00e1rias do que o carnaval que s\u00f3 dura 3 dias\u2019\u2019, o que n\u00e3o nos impede de fazer uma grande festa em outro momento de melhor cen\u00e1rio econ\u00f4mico.\u201d &#8211; <\/span><\/span><\/span><\/strong><span style=\"color: #333333;\"><span style=\"font-family: Arial, sans-serif;\"><span style=\"font-size: medium;\">comentou o gestor.<\/span><\/span><\/span><\/p>\n<p class=\"western\"><span style=\"font-size: medium;\"><span style=\"color: #333333;\"><span style=\"font-family: Arial, sans-serif;\">Agnelo ainda ressaltou que o carnaval cultural est\u00e1 confirmado para acontecer no mesmo per\u00edodo do carnaval oficial e que a Prefeitura de Santa Cruz Cabr\u00e1lia dar\u00e1 todo apoio e infraestrutura para garantir a divers\u00e3o dos foli\u00f5es. A nota \u00e0 Imprensa foi finalizada ressaltando que o cancelamento considera as dificuldades financeiras que Cabr\u00e1lia enfrenta, a exemplo de outros munic\u00edpios brasileiros que sofreram com a queda da arrecada\u00e7\u00e3o, diminui\u00e7\u00e3o e atraso de repasses de recursos do Governo Federal e do Estado, al\u00e9m das dificuldades enfrentadas devido \u00e0 crise nacional. Para esclarecer melhor, houve o planejamento do carnaval, fez-se um or\u00e7amento, mais a gest\u00e3o municipal de Cabr\u00e1lia optou pela n\u00e3o realiza\u00e7\u00e3o do carnaval antecipado.<\/span><\/span><\/span><\/p>\n<p class=\"western\"><span style=\"color: #333333;\"><span style=\"font-family: Arial, sans-serif;\"><span style=\"font-size: medium;\">VEJA O VIDEO ABAIXO:<\/span><\/span><\/span><\/p>\n<p><iframe loading=\"lazy\" src=\"https:\/\/www.youtube.com\/embed\/fgh0dQWW5Eo\" width=\"560\" height=\"315\" frameborder=\"0\" allowfullscreen=\"allowfullscreen\"><\/iframe><\/p>\n","protected":false},"excerpt":{"rendered":"<p>Os foli\u00f5es que residem no munic\u00edpio de Cabr\u00e1lia n\u00e3o poder\u00e3o contar com o carnaval antecipado na cidade. A decis\u00e3o foi anunciada atrav\u00e9s de v\u00eddeo enviada nesta quarta-feira (30\/01) pelo prefeito Agnelo Santos. Segundo a Nota, Cabr\u00e1lia est\u00e1 enfrentando uma crise financeira, o que est\u00e1 impossibilitando a realiza\u00e7\u00e3o do carnaval.\u00a0\u201cPara a gente \u00e9 uma triste not\u00edcia [&hellip;]<\/p>\n","protected":false},"author":7,"featured_media":21034,"comment_status":"open","ping_status":"open","sticky":false,"template":"","format":"standard","meta":{"footnotes":""},"categories":[45,1],"tags":[108],"class_list":["post-21033","post","type-post","status-publish","format-standard","has-post-thumbnail","hentry","category-cidades","category-noticias","tag-belmonte"],"_links":{"self":[{"href":"https:\/\/www.maisbn.com\/portal\/wp-json\/wp\/v2\/posts\/21033","targetHints":{"allow":["GET"]}}],"collection":[{"href":"https:\/\/www.maisbn.com\/portal\/wp-json\/wp\/v2\/posts"}],"about":[{"href":"https:\/\/www.maisbn.com\/portal\/wp-json\/wp\/v2\/types\/post"}],"author":[{"embeddable":true,"href":"https:\/\/www.maisbn.com\/portal\/wp-json\/wp\/v2\/users\/7"}],"replies":[{"embeddable":true,"href":"https:\/\/www.maisbn.com\/portal\/wp-json\/wp\/v2\/comments?post=21033"}],"version-history":[{"count":7,"href":"https:\/\/www.maisbn.com\/portal\/wp-json\/wp\/v2\/posts\/21033\/revisions"}],"predecessor-version":[{"id":21041,"href":"https:\/\/www.maisbn.com\/portal\/wp-json\/wp\/v2\/posts\/21033\/revisions\/21041"}],"wp:featuredmedia":[{"embeddable":true,"href":"https:\/\/www.maisbn.com\/portal\/wp-json\/wp\/v2\/media\/21034"}],"wp:attachment":[{"href":"https:\/\/www.maisbn.com\/portal\/wp-json\/wp\/v2\/media?parent=21033"}],"wp:term":[{"taxonomy":"category","embeddable":true,"href":"https:\/\/www.maisbn.com\/portal\/wp-json\/wp\/v2\/categories?post=21033"},{"taxonomy":"post_tag","embeddable":true,"href":"https:\/\/www.maisbn.com\/portal\/wp-json\/wp\/v2\/tags?post=21033"}],"curies":[{"name":"wp","href":"https:\/\/api.w.org\/{rel}","templated":true}]}}