{"id":21009,"date":"2019-01-29T11:24:09","date_gmt":"2019-01-29T14:24:09","guid":{"rendered":"http:\/\/www.maisbn.com\/portal\/?p=21009"},"modified":"2019-01-29T11:24:09","modified_gmt":"2019-01-29T14:24:09","slug":"secretario-de-educacao-de-belmonte-emite-2a-nota-sobre-reforma-de-escola-em-santa-maria-eterna","status":"publish","type":"post","link":"https:\/\/www.maisbn.com\/portal\/2019\/01\/secretario-de-educacao-de-belmonte-emite-2a-nota-sobre-reforma-de-escola-em-santa-maria-eterna\/","title":{"rendered":"Secret\u00e1rio de Educa\u00e7\u00e3o de Belmonte emite 2\u00aa nota sobre reforma de escola em Santa Maria Eterna."},"content":{"rendered":"<p><a href=\"http:\/\/www.maisbn.com\/portal\/wp-content\/uploads\/2016\/12\/secretarioEducacao00001.jpg\"><img loading=\"lazy\" decoding=\"async\" class=\"aligncenter  wp-image-13389\" src=\"http:\/\/www.maisbn.com\/portal\/wp-content\/uploads\/2016\/12\/secretarioEducacao00001.jpg\" alt=\"secretarioeducacao00001\" width=\"600\" height=\"380\" \/><\/a><\/p>\n<p>O Secret\u00e1rio de Educa\u00e7\u00e3o de Belmonte, Paulo Carvalho, enviou uma nota \u00e0 imprensa na manh\u00e3 dessa ter\u00e7a-feira (29\/12) para tratar da pol\u00eamica envolvida na reforma da Escola Municipal Lourival Jo\u00e3o Mai. Segue abaixo na \u00edntegra as palavras do Secret\u00e1rio:<\/p>\n<p><em>&#8220;A Secretaria Municipal de Educa\u00e7\u00e3o, ao contr\u00e1rio do que est\u00e1 sendo divulgado por algumas pessoas mal intencionadas, tem enaltecido e apoiado a iniciativa de participa\u00e7\u00e3o das comunidades nas manuten\u00e7\u00f5es das escolas e no caso de Santa Maria Eterna esse tratamento n\u00e3o poderia ser diferente. O mesmo fato aconteceu nas Escolas ACM, CLEMENCEAU TEIXEIRA, VITORIA PATERNOSTRO e NOVO HORIZONTE, onde n\u00e3o tivemos problemas e firmamos uma parceria proveitosa com as comunidades locais e escolar dessas unidades. Informamos tamb\u00e9m que essas mesmas parcerias ir\u00e3o acontecer nos pr\u00f3ximos dias nas Escolas Monte Carmelo e Bom Retiro, pois acreditamos que a uni\u00e3o de todos pode trazer uma melhor qualidade de educa\u00e7\u00e3o para os nossos jovens.<\/em><\/p>\n<p><em>Dessa forma, somos gratos \u00e0 dire\u00e7\u00e3o do Col\u00e9gio Lourival Jo\u00e3o Mai, representada pelo Diretor M\u00e1rcio Lima, ao Secret\u00e1rio Municipal de Infraestrutura Luciano Alves e toda a sua equipe, \u00e0 empresa Veracel por ter doado a maioria dos materiais de pintura, \u00e0 Professora Maria D&#8217;ajuda por ter doado bicicletas para o bingo em prol da Escola, ao Sr. Renato Sheidegger da Pedreira pela doa\u00e7\u00e3o e aos Senhores Batata e Gabriel Queiroz. Agradecemos tamb\u00e9m \u00e0 todas as pessoas da comunidade que se esfor\u00e7aram para o acontecimento dessa reforma e por fim, e n\u00e3o menos importante, \u00e0 coopera\u00e7\u00e3o do Prefeito Janival Borges que envidou recursos e pessoal para as manuten\u00e7\u00f5es el\u00e9trica e hidr\u00e1ulica, bem como, para a pintura da unidade escolar.<\/em><\/p>\n<p><em>Novamente ressalto que nunca deixamos de reconhecer a import\u00e2ncia das parcerias da Secretaria nas a\u00e7\u00f5es educacionais do munic\u00edpio e que na nota anterior n\u00e3o citamos nomes por acreditar na doa\u00e7\u00e3o espont\u00e2nea das pessoas com o objetivo principal de melhorias para a Escola, sem a necessidade de promo\u00e7\u00e3o pessoal ou pol\u00edtica, j\u00e1 que, o resultado dos trabalhos \u00e9 fruto dos esfor\u00e7os de todos e n\u00e3o de uma a\u00e7\u00e3o isolada e eleitoreira. Afirmo que n\u00e3o houve inten\u00e7\u00e3o de excluir a ajuda da comunidade e enaltecer somente a a\u00e7\u00e3o da gest\u00e3o municipal, tanto que, essa ajuda \u00e9 citada na nota anterior.<\/em><\/p>\n<p><em>Finalizamos ressaltando que todos os gestores das unidades escolares eleitos pela comunidade tem total apoio e tratamento igualit\u00e1rio por parte da Secretaria Municipal de Educa\u00e7\u00e3o e que todos s\u00e3o bem vindos em suas iniciativas visando melhorias para o ambiente de aprendizado dos alunos, desmentindo as afirma\u00e7\u00f5es enganosas de pessoas mal intencionadas que tentam causar intriga e dificultar a gest\u00e3o educacional do munic\u00edpio.<\/em><\/p>\n<p><em>Paulo Carvalho<\/em><\/p>\n<p><em>Secret\u00e1rio Municipal de Educa\u00e7\u00e3o<\/em><\/p>\n","protected":false},"excerpt":{"rendered":"<p>O Secret\u00e1rio de Educa\u00e7\u00e3o de Belmonte, Paulo Carvalho, enviou uma nota \u00e0 imprensa na manh\u00e3 dessa ter\u00e7a-feira (29\/12) para tratar da pol\u00eamica envolvida na reforma da Escola Municipal Lourival Jo\u00e3o Mai. Segue abaixo na \u00edntegra as palavras do Secret\u00e1rio: &#8220;A Secretaria Municipal de Educa\u00e7\u00e3o, ao contr\u00e1rio do que est\u00e1 sendo divulgado por algumas pessoas mal [&hellip;]<\/p>\n","protected":false},"author":7,"featured_media":13389,"comment_status":"open","ping_status":"open","sticky":false,"template":"","format":"standard","meta":{"footnotes":""},"categories":[8,1],"tags":[108],"class_list":["post-21009","post","type-post","status-publish","format-standard","has-post-thumbnail","hentry","category-educacao","category-noticias","tag-belmonte"],"_links":{"self":[{"href":"https:\/\/www.maisbn.com\/portal\/wp-json\/wp\/v2\/posts\/21009","targetHints":{"allow":["GET"]}}],"collection":[{"href":"https:\/\/www.maisbn.com\/portal\/wp-json\/wp\/v2\/posts"}],"about":[{"href":"https:\/\/www.maisbn.com\/portal\/wp-json\/wp\/v2\/types\/post"}],"author":[{"embeddable":true,"href":"https:\/\/www.maisbn.com\/portal\/wp-json\/wp\/v2\/users\/7"}],"replies":[{"embeddable":true,"href":"https:\/\/www.maisbn.com\/portal\/wp-json\/wp\/v2\/comments?post=21009"}],"version-history":[{"count":2,"href":"https:\/\/www.maisbn.com\/portal\/wp-json\/wp\/v2\/posts\/21009\/revisions"}],"predecessor-version":[{"id":21011,"href":"https:\/\/www.maisbn.com\/portal\/wp-json\/wp\/v2\/posts\/21009\/revisions\/21011"}],"wp:featuredmedia":[{"embeddable":true,"href":"https:\/\/www.maisbn.com\/portal\/wp-json\/wp\/v2\/media\/13389"}],"wp:attachment":[{"href":"https:\/\/www.maisbn.com\/portal\/wp-json\/wp\/v2\/media?parent=21009"}],"wp:term":[{"taxonomy":"category","embeddable":true,"href":"https:\/\/www.maisbn.com\/portal\/wp-json\/wp\/v2\/categories?post=21009"},{"taxonomy":"post_tag","embeddable":true,"href":"https:\/\/www.maisbn.com\/portal\/wp-json\/wp\/v2\/tags?post=21009"}],"curies":[{"name":"wp","href":"https:\/\/api.w.org\/{rel}","templated":true}]}}