{"id":20984,"date":"2019-01-25T14:12:33","date_gmt":"2019-01-25T17:12:33","guid":{"rendered":"http:\/\/www.maisbn.com\/portal\/?p=20984"},"modified":"2019-01-25T14:12:33","modified_gmt":"2019-01-25T17:12:33","slug":"lacen-ba-descarta-suspeita-de-ocorrencia-de-sarampo-em-belmonte","status":"publish","type":"post","link":"https:\/\/www.maisbn.com\/portal\/2019\/01\/lacen-ba-descarta-suspeita-de-ocorrencia-de-sarampo-em-belmonte\/","title":{"rendered":"LACEN-BA descarta suspeita de ocorr\u00eancia de Sarampo em Belmonte."},"content":{"rendered":"<p><a href=\"http:\/\/www.maisbn.com\/portal\/wp-content\/uploads\/2019\/01\/secretariadesaude1.jpg\"><img loading=\"lazy\" decoding=\"async\" class=\"aligncenter  wp-image-20985\" src=\"http:\/\/www.maisbn.com\/portal\/wp-content\/uploads\/2019\/01\/secretariadesaude1-1000x750.jpg\" alt=\"secretariadesaude\" width=\"602\" height=\"452\" srcset=\"https:\/\/www.maisbn.com\/portal\/wp-content\/uploads\/2019\/01\/secretariadesaude1-1000x750.jpg 1000w, https:\/\/www.maisbn.com\/portal\/wp-content\/uploads\/2019\/01\/secretariadesaude1.jpg 1280w\" sizes=\"auto, (max-width: 602px) 100vw, 602px\" \/><\/a><\/p>\n<p>A Prefeitura Municipal de Belmonte, atrav\u00e9s de sua Secretaria de Sa\u00fade, informou em nota nessa sexta-feira (25\/01) que a suspeita de sarampo ocorrida no munic\u00edpio foi descartada pelo Laborat\u00f3rio Central da Bahia (LACEN\/BA). Segundo o Secret\u00e1rio de Sa\u00fade, T\u00e1rcio Lapa, o munic\u00edpio fez todo os procedimentos\u00a0 que manda o protocolo do Minist\u00e9rio da Sa\u00fade para o caso at\u00e9 a efetiva\u00e7\u00e3o do exame feito pelo LACEN\/BA. &#8220;<strong><em>Embora o resultado tenha sido negativo, \u00e9 preciso que as pessoas procurem as unidades de sa\u00fade para verifica\u00e7\u00e3o da caderneta de vacina\u00e7\u00e3o e tomem medidas de prote\u00e7\u00e3o individual sempre&#8221;<\/em><\/strong>\u00a0&#8211; Informou o secret\u00e1rio Tarcio Lapa.<\/p>\n<p>A Secret\u00e1ria de Sa\u00fade encerra a nota informando que a vacina contra o sarampo se encontra dispon\u00edvel em todas as unidades de sa\u00fade e deve ser aplicada a partir de 1 ano de idade.<\/p>\n","protected":false},"excerpt":{"rendered":"<p>A Prefeitura Municipal de Belmonte, atrav\u00e9s de sua Secretaria de Sa\u00fade, informou em nota nessa sexta-feira (25\/01) que a suspeita de sarampo ocorrida no munic\u00edpio foi descartada pelo Laborat\u00f3rio Central da Bahia (LACEN\/BA). Segundo o Secret\u00e1rio de Sa\u00fade, T\u00e1rcio Lapa, o munic\u00edpio fez todo os procedimentos\u00a0 que manda o protocolo do Minist\u00e9rio da Sa\u00fade para [&hellip;]<\/p>\n","protected":false},"author":7,"featured_media":20985,"comment_status":"open","ping_status":"open","sticky":false,"template":"","format":"standard","meta":{"footnotes":""},"categories":[1,28],"tags":[108],"class_list":["post-20984","post","type-post","status-publish","format-standard","has-post-thumbnail","hentry","category-noticias","category-saude-noticias","tag-belmonte"],"_links":{"self":[{"href":"https:\/\/www.maisbn.com\/portal\/wp-json\/wp\/v2\/posts\/20984","targetHints":{"allow":["GET"]}}],"collection":[{"href":"https:\/\/www.maisbn.com\/portal\/wp-json\/wp\/v2\/posts"}],"about":[{"href":"https:\/\/www.maisbn.com\/portal\/wp-json\/wp\/v2\/types\/post"}],"author":[{"embeddable":true,"href":"https:\/\/www.maisbn.com\/portal\/wp-json\/wp\/v2\/users\/7"}],"replies":[{"embeddable":true,"href":"https:\/\/www.maisbn.com\/portal\/wp-json\/wp\/v2\/comments?post=20984"}],"version-history":[{"count":1,"href":"https:\/\/www.maisbn.com\/portal\/wp-json\/wp\/v2\/posts\/20984\/revisions"}],"predecessor-version":[{"id":20986,"href":"https:\/\/www.maisbn.com\/portal\/wp-json\/wp\/v2\/posts\/20984\/revisions\/20986"}],"wp:featuredmedia":[{"embeddable":true,"href":"https:\/\/www.maisbn.com\/portal\/wp-json\/wp\/v2\/media\/20985"}],"wp:attachment":[{"href":"https:\/\/www.maisbn.com\/portal\/wp-json\/wp\/v2\/media?parent=20984"}],"wp:term":[{"taxonomy":"category","embeddable":true,"href":"https:\/\/www.maisbn.com\/portal\/wp-json\/wp\/v2\/categories?post=20984"},{"taxonomy":"post_tag","embeddable":true,"href":"https:\/\/www.maisbn.com\/portal\/wp-json\/wp\/v2\/tags?post=20984"}],"curies":[{"name":"wp","href":"https:\/\/api.w.org\/{rel}","templated":true}]}}